{"id":89,"date":"2014-02-18T15:20:44","date_gmt":"2014-02-18T15:20:44","guid":{"rendered":"http:\/\/www.erekibeon.com\/trastero\/?p=89"},"modified":"2020-09-07T14:10:11","modified_gmt":"2020-09-07T12:10:11","slug":"la-poliorcetica-griega","status":"publish","type":"post","link":"https:\/\/www.erekibeon.com\/blog\/la-poliorcetica-griega\/","title":{"rendered":"La poliorc\u00e9tica griega"},"content":{"rendered":"<p>O, dicho de otro modo, la ciencia griega del asedio y defensa de ciudades. Aqu\u00ed van algunos links de inter\u00e9s:<\/p>\n<ul>\n<li>En la Wikipedia tenemos dos temas separados: <a href=\"https:\/\/es.wikipedia.org\/wiki\/Asedio_en_la_Antigua_Grecia\" target=\"_blank\" rel=\"noopener noreferrer\">El Asedio<\/a>\u00a0y<a href=\"https:\/\/es.wikipedia.org\/wiki\/Arquitectura_militar_en_la_Antigua_Grecia\" target=\"_blank\" rel=\"noopener noreferrer\"> la Arquitectura militar<\/a>\u00a0en la antigua Grecia<\/li>\n<li><a href=\"https:\/\/www.mundohistoria.org\/temas_foro\/historia-la-edad-antigua\/la-poliorc-tica-griega-lisis-su-evoluci-n\" target=\"_blank\" rel=\"noopener noreferrer\">Un post en Mundohistoria.org<\/a>, interesant\u00edsimo y muy completo, ya que cubre los dos \u00e1mbitos: el ataque y la defensa<\/li>\n<li><a href=\"https:\/\/maite-madelvi.blogspot.com.es\/2008\/02\/fortificaciones-y-tcticas-de-guerra-en.html\" target=\"_blank\" rel=\"noopener noreferrer\">Fortificaciones y t\u00e1cticas en el mundo antiguo<\/a>. Un post de un blog un poco raruno, pero tambi\u00e9n interesante.<\/li>\n<\/ul>\n<figure style=\"width: 437px\" class=\"wp-caption aligncenter\"><img loading=\"lazy\" decoding=\"async\" class=\"\" src=\"https:\/\/upload.wikimedia.org\/wikipedia\/commons\/9\/9c\/Oxebeles.jpg\" alt=\"\" width=\"437\" height=\"349\" \/><figcaption class=\"wp-caption-text\">Un Oxibeles, el precedente de la balista<\/figcaption><\/figure>\n","protected":false},"excerpt":{"rendered":"<p>O, dicho de otro modo, la ciencia griega del asedio y defensa de ciudades. Aqu\u00ed van algunos links de inter\u00e9s: En la Wikipedia tenemos dos temas separados: El Asedio\u00a0y la Arquitectura militar\u00a0en la antigua Grecia Un post en Mundohistoria.org, interesant\u00edsimo y muy completo, ya que cubre los dos \u00e1mbitos: el ataque y la defensa Fortificaciones [&hellip;]<\/p>\n","protected":false},"author":2,"featured_media":0,"comment_status":"open","ping_status":"open","sticky":false,"template":"","format":"standard","meta":{"_jetpack_memberships_contains_paid_content":false,"footnotes":"","jetpack_publicize_message":"","jetpack_publicize_feature_enabled":true,"jetpack_social_post_already_shared":true,"jetpack_social_options":{"image_generator_settings":{"template":"highway","default_image_id":0,"font":"","enabled":false},"version":2}},"categories":[7,369],"tags":[462,463,71,464],"class_list":["post-89","post","type-post","status-publish","format-standard","hentry","category-historia","category-trastero","tag-asedio","tag-grecia-clasica","tag-mazes-minotaurs","tag-poliorcetica"],"jetpack_publicize_connections":[],"jetpack_featured_media_url":"","jetpack_sharing_enabled":true,"jetpack-related-posts":[{"id":431,"url":"https:\/\/www.erekibeon.com\/blog\/pqc-los-pitufos-negros-fueron-antes-que-los-zombis\/","url_meta":{"origin":89,"position":0},"title":"\u00bfPQC? \u00bfLos pitufos negros fueron antes que los zombis?","author":"Erek\u00edbeon","date":"05\/03\/2009","format":false,"excerpt":"Leyendo esta entrada de Gnome Stew voy y me entero que la historia de los Pitufos Negros es cinco a\u00f1os anterior (1963) a La noche de los muertos vivientes (1968)... y que ambas historias tienen premisas muy similares: Virus infeccioso que convierte a los individuos en cosas que van mordiendo\u2026","rel":"","context":"En \u00abFrikismo\u00bb","block_context":{"text":"Frikismo","link":"https:\/\/www.erekibeon.com\/blog\/category\/frikismo\/"},"img":{"alt_text":"","src":"https:\/\/i0.wp.com\/2.bp.blogspot.com\/_8vFouYz46Rg\/SVSuQ-5kzgI\/AAAAAAAAARY\/NAsQIDfsV2Q\/w1200-h630-p-k-no-nu\/infeccion_sujetocero.jpg?resize=350%2C200&ssl=1","width":350,"height":200,"srcset":"https:\/\/i0.wp.com\/2.bp.blogspot.com\/_8vFouYz46Rg\/SVSuQ-5kzgI\/AAAAAAAAARY\/NAsQIDfsV2Q\/w1200-h630-p-k-no-nu\/infeccion_sujetocero.jpg?resize=350%2C200&ssl=1 1x, https:\/\/i0.wp.com\/2.bp.blogspot.com\/_8vFouYz46Rg\/SVSuQ-5kzgI\/AAAAAAAAARY\/NAsQIDfsV2Q\/w1200-h630-p-k-no-nu\/infeccion_sujetocero.jpg?resize=525%2C300&ssl=1 1.5x, https:\/\/i0.wp.com\/2.bp.blogspot.com\/_8vFouYz46Rg\/SVSuQ-5kzgI\/AAAAAAAAARY\/NAsQIDfsV2Q\/w1200-h630-p-k-no-nu\/infeccion_sujetocero.jpg?resize=700%2C400&ssl=1 2x"},"classes":[]},{"id":44,"url":"https:\/\/www.erekibeon.com\/blog\/geografia-mitica-del-barrio-del-pilar-castillo-y-villa-de-miralta\/","url_meta":{"origin":89,"position":1},"title":"Geograf\u00eda m\u00edtica del Barrio del Pilar: Castillo y Villa de Miralta","author":"Erek\u00edbeon","date":"15\/10\/2008","format":false,"excerpt":"All\u00e1 por los \u00faltimos a\u00f1os del siglo pasado, cuando Patrulla Vecinal merodeaba por las calles, cre\u00e1bamos juntos una cosmogon\u00eda imaginaria del Barrio del Pilar en clave superheroica. Hubo muchas portadas dibujadas y alg\u00fan que otro comic, pero los argumentos y tramas casi siempre se quedaron como notas en el papel.\u2026","rel":"","context":"En \u00abMedieval\u00bb","block_context":{"text":"Medieval","link":"https:\/\/www.erekibeon.com\/blog\/category\/rol\/medieval\/"},"img":{"alt_text":"","src":"https:\/\/i0.wp.com\/farm4.static.flickr.com\/3189\/2935182247_ced359f6da.jpg?resize=350%2C200&ssl=1","width":350,"height":200,"srcset":"https:\/\/i0.wp.com\/farm4.static.flickr.com\/3189\/2935182247_ced359f6da.jpg?resize=350%2C200&ssl=1 1x, https:\/\/i0.wp.com\/farm4.static.flickr.com\/3189\/2935182247_ced359f6da.jpg?resize=525%2C300&ssl=1 1.5x, https:\/\/i0.wp.com\/farm4.static.flickr.com\/3189\/2935182247_ced359f6da.jpg?resize=700%2C400&ssl=1 2x"},"classes":[]},{"id":1138,"url":"https:\/\/www.erekibeon.com\/blog\/taller-de-escritura-rolera-cuarta-quinta-y-sexta-entregas\/","url_meta":{"origin":89,"position":2},"title":"Taller de escritura rolera: Cuarta, quinta y sexta entregas","author":"Erek\u00edbeon","date":"17\/05\/2010","format":false,"excerpt":"Toma ya. Siguiendo esta progresi\u00f3n marcada en las anteriores entregas, el siguiente post cubrir\u00e1 todo lo que queda de curso :-P Cuarta entrega El cuarto ejercicio trataba sobre escribir ambientaci\u00f3n, lo que al principio me desconcert\u00f3, porque pr\u00e1cticamente todo est\u00e1 cubierto en los manuales b\u00e1sicos y en los Minotaur Quaterly.\u2026","rel":"","context":"En \u00abrol\u00bb","block_context":{"text":"rol","link":"https:\/\/www.erekibeon.com\/blog\/category\/rol\/"},"img":{"alt_text":"","src":"https:\/\/i0.wp.com\/www.erekibeon.com\/blog\/wp-content\/uploads\/soldado-de-la-niebla.webp?resize=350%2C200&ssl=1","width":350,"height":200,"srcset":"https:\/\/i0.wp.com\/www.erekibeon.com\/blog\/wp-content\/uploads\/soldado-de-la-niebla.webp?resize=350%2C200&ssl=1 1x, https:\/\/i0.wp.com\/www.erekibeon.com\/blog\/wp-content\/uploads\/soldado-de-la-niebla.webp?resize=525%2C300&ssl=1 1.5x"},"classes":[]},{"id":5151,"url":"https:\/\/www.erekibeon.com\/blog\/hercules-and-xena-roleplaying-game-la-caja\/","url_meta":{"origin":89,"position":3},"title":"Hercules and Xena Roleplaying Game: \u00a1la caja!","author":"Erek\u00edbeon","date":"23\/05\/2013","format":false,"excerpt":"Hace un tiempo el maese Imladris sac\u00f3 Open D6 Powaah!, una p\u00e1gina que pretende aglutinar todo lo que tenga el sistema D6. En esta p\u00e1gina sobre la historia del D6 system\u00a0me sorprendi\u00f3 la siguiente anotaci\u00f3n: En 1998, justo antes de entrar en bancarrota, West End Games public\u00f3 el juego de\u2026","rel":"","context":"En \u00abFrikismo\u00bb","block_context":{"text":"Frikismo","link":"https:\/\/www.erekibeon.com\/blog\/category\/frikismo\/"},"img":{"alt_text":"","src":"https:\/\/i0.wp.com\/www.erekibeon.com\/blog\/wp-content\/uploads\/20130412_155723_zpscfcdea56.jpg?fit=810%2C1080&ssl=1&resize=350%2C200","width":350,"height":200,"srcset":"https:\/\/i0.wp.com\/www.erekibeon.com\/blog\/wp-content\/uploads\/20130412_155723_zpscfcdea56.jpg?fit=810%2C1080&ssl=1&resize=350%2C200 1x, https:\/\/i0.wp.com\/www.erekibeon.com\/blog\/wp-content\/uploads\/20130412_155723_zpscfcdea56.jpg?fit=810%2C1080&ssl=1&resize=525%2C300 1.5x, https:\/\/i0.wp.com\/www.erekibeon.com\/blog\/wp-content\/uploads\/20130412_155723_zpscfcdea56.jpg?fit=810%2C1080&ssl=1&resize=700%2C400 2x"},"classes":[]},{"id":14081,"url":"https:\/\/www.erekibeon.com\/blog\/estrenando-cabecera\/","url_meta":{"origin":89,"position":4},"title":"Estrenando cabecera","author":"Erek\u00edbeon","date":"20\/10\/2017","format":false,"excerpt":"Y es que el Peque\u00f1o B\u00e1rbaro ya hace una temporada que no lleva ni pa\u00f1ales ni chupete, as\u00ed que iba siendo hora de darle un retoque a las figurillas que nos representan al lado del t\u00edtulo. Para esta ocasi\u00f3n he tenido el inmenso honor y el placer de contar con\u2026","rel":"","context":"En \u00abFrikismo\u00bb","block_context":{"text":"Frikismo","link":"https:\/\/www.erekibeon.com\/blog\/category\/frikismo\/"},"img":{"alt_text":"","src":"https:\/\/i0.wp.com\/www.erekibeon.com\/blog\/wp-content\/uploads\/2017\/10\/cabeceraazpiri.png?resize=350%2C200&ssl=1","width":350,"height":200,"srcset":"https:\/\/i0.wp.com\/www.erekibeon.com\/blog\/wp-content\/uploads\/2017\/10\/cabeceraazpiri.png?resize=350%2C200&ssl=1 1x, https:\/\/i0.wp.com\/www.erekibeon.com\/blog\/wp-content\/uploads\/2017\/10\/cabeceraazpiri.png?resize=525%2C300&ssl=1 1.5x, https:\/\/i0.wp.com\/www.erekibeon.com\/blog\/wp-content\/uploads\/2017\/10\/cabeceraazpiri.png?resize=700%2C400&ssl=1 2x, https:\/\/i0.wp.com\/www.erekibeon.com\/blog\/wp-content\/uploads\/2017\/10\/cabeceraazpiri.png?resize=1050%2C600&ssl=1 3x, https:\/\/i0.wp.com\/www.erekibeon.com\/blog\/wp-content\/uploads\/2017\/10\/cabeceraazpiri.png?resize=1400%2C800&ssl=1 4x"},"classes":[]},{"id":38,"url":"https:\/\/www.erekibeon.com\/blog\/zombies-por-todas-partes\/","url_meta":{"origin":89,"position":5},"title":"Zombies por todas partes","author":"Erek\u00edbeon","date":"27\/04\/2008","format":false,"excerpt":"Creo que todos los frikis, tarde o temprano, acabamos top\u00e1ndonos con este subg\u00e9nero del terror. Mucho se ha hablado (y escrito por los intern\u00e9s) sobre por qu\u00e9 nos resulta tan fascinante la perspectiva de una Tierra invadida por cad\u00e1veres ambulantes deseosos de devorar a los vivos, con los pocos supervivientes\u2026","rel":"","context":"En \u00abFrikismo\u00bb","block_context":{"text":"Frikismo","link":"https:\/\/www.erekibeon.com\/blog\/category\/frikismo\/"},"img":{"alt_text":"","src":"https:\/\/i0.wp.com\/www.erekibeon.com\/blog\/wp-content\/uploads\/apocalipsis_z.jpg?resize=350%2C200&ssl=1","width":350,"height":200},"classes":[]}],"_links":{"self":[{"href":"https:\/\/www.erekibeon.com\/blog\/wp-json\/wp\/v2\/posts\/89","targetHints":{"allow":["GET"]}}],"collection":[{"href":"https:\/\/www.erekibeon.com\/blog\/wp-json\/wp\/v2\/posts"}],"about":[{"href":"https:\/\/www.erekibeon.com\/blog\/wp-json\/wp\/v2\/types\/post"}],"author":[{"embeddable":true,"href":"https:\/\/www.erekibeon.com\/blog\/wp-json\/wp\/v2\/users\/2"}],"replies":[{"embeddable":true,"href":"https:\/\/www.erekibeon.com\/blog\/wp-json\/wp\/v2\/comments?post=89"}],"version-history":[{"count":0,"href":"https:\/\/www.erekibeon.com\/blog\/wp-json\/wp\/v2\/posts\/89\/revisions"}],"wp:attachment":[{"href":"https:\/\/www.erekibeon.com\/blog\/wp-json\/wp\/v2\/media?parent=89"}],"wp:term":[{"taxonomy":"category","embeddable":true,"href":"https:\/\/www.erekibeon.com\/blog\/wp-json\/wp\/v2\/categories?post=89"},{"taxonomy":"post_tag","embeddable":true,"href":"https:\/\/www.erekibeon.com\/blog\/wp-json\/wp\/v2\/tags?post=89"}],"curies":[{"name":"wp","href":"https:\/\/api.w.org\/{rel}","templated":true}]}}