{"id":27159,"date":"2026-09-06T12:43:55","date_gmt":"2026-09-06T10:43:55","guid":{"rendered":"https:\/\/www.erekibeon.com\/blog\/?p=27159"},"modified":"2026-09-06T12:44:26","modified_gmt":"2026-09-06T10:44:26","slug":"un-mapamundi-en-el-hule","status":"publish","type":"post","link":"https:\/\/www.erekibeon.com\/blog\/un-mapamundi-en-el-hule\/","title":{"rendered":"Un mapamundi en el hule"},"content":{"rendered":"\n<p class=\"wp-block-paragraph\">Hace m\u00e1s de una d\u00e9cada, cuando nos vinimos a vivir a esta casa, tuvimos claro que \u00edbamos a comer todos juntos en la cocina. La casa anterior era m\u00e1s peque\u00f1a y no ten\u00edamos m\u00e1s opci\u00f3n que comer en un sal\u00f3n estrecho, acompa\u00f1ados de la tele. Pero ahora que ten\u00edamos un poco m\u00e1s de espacio (pero tampoco mucho, todo hay que decirlo), ya pod\u00edamos convertir las comidas en un momento para estar todos juntos, sin pantallas ni otras distracciones. S\u00f3lo nosotros.<\/p>\n\n\n\n<p class=\"wp-block-paragraph\">Y es una costumbre que recomiendo totalmente, sobre todo cuando tienes hijos. Durante estos \u00faltimos once a\u00f1os ha sido el momento en el que nos ponemos al corriente de lo que nos ha pasado a cada uno en la guarder\u00eda, el cole, el instituto, la universidad o en los trabajos. Tambi\u00e9n es donde salen los planes, las inquietudes, las charlas filos\u00f3ficas y las payaser\u00edas que al final nos definen como familia. <\/p>\n\n\n\n<p class=\"wp-block-paragraph\">El caso es que nos dimos cuenta de lo \u00fatil que era tener un mapa a mano durante estas charlas en las comidas. Cada vez que planific\u00e1bamos un viaje, coment\u00e1bamos una noticia internacional o repas\u00e1bamos alguna lecci\u00f3n de Conocimiento del Medio, ten\u00edamos que sacar un m\u00f3vil. Y francamente, una pantalla chiquituja se te queda muy corta cuando quieres visualizar seg\u00fan qu\u00e9 distancias o proporciones.<\/p>\n\n\n\n<p class=\"wp-block-paragraph\">Lo curioso es que por aquel entonces <strong>ya ten\u00edamos un mapa en la mesa de la cocina<\/strong>. En aquellos maravillosos e irrepetibles tiempos de <a href=\"https:\/\/www.erekibeon.com\/blog\/el-apocalipsis-de-google-plus\/\" data-type=\"link\" data-id=\"https:\/\/www.erekibeon.com\/blog\/el-apocalipsis-de-google-plus\/\"><strong>Google Plus<\/strong><\/a> hab\u00eda visto gente imprimi\u00e9ndose en hule el mapa del mundo de su campa\u00f1a rolera, para tenerlo en la mesa durante las partidas. Y me pareci\u00f3 una idea tan genial que ya llev\u00e1bamos un tiempo tapando Mordor, Gondor y la Comarca con nuestros platos y vasos.  <\/p>\n\n\n\n<figure class=\"wp-block-image size-full\"><img data-dominant-color=\"a19483\" data-has-transparency=\"false\" style=\"--dominant-color: #a19483;\" loading=\"lazy\" decoding=\"async\" width=\"1535\" height=\"1024\" sizes=\"auto, (max-width: 645px) 100vw, 645px\" src=\"https:\/\/www.erekibeon.com\/blog\/wp-content\/uploads\/hulearda.webp\" alt=\"Un mantel de hule con el mapa de la Tierra Media de Tolkien impreso. Sobre \u00e9l, un vaso de cristal, una taza con leche, unas servilletas de papel, un peque\u00f1o bol morado con dos galletas y una cucharilla. \" class=\"wp-image-27163 not-transparent\" srcset=\"https:\/\/www.erekibeon.com\/blog\/wp-content\/uploads\/hulearda.webp 1535w, https:\/\/www.erekibeon.com\/blog\/wp-content\/uploads\/hulearda-300x200.webp 300w, https:\/\/www.erekibeon.com\/blog\/wp-content\/uploads\/hulearda-150x100.webp 150w, https:\/\/www.erekibeon.com\/blog\/wp-content\/uploads\/hulearda-768x512.webp 768w\" \/><figcaption class=\"wp-element-caption\">Era una aut\u00e9ntica pasada de hule. Colores brillantes, tipograf\u00eda que se le\u00eda estupendamente&#8230; un espect\u00e1culo<\/figcaption><\/figure>\n\n\n\n<p class=\"wp-block-paragraph\">As\u00ed que no tardamos mucho en sumar dos y dos: \u00bfpor qu\u00e9 no cambiamos la Tierra Media por un mapamundi? <\/p>\n\n\n\n<p class=\"wp-block-paragraph\">Y eso hicimos. Durante varios a\u00f1os estuvimos comiendo y haciendo planes sobre un mapa del mundo con los nombres en ingl\u00e9s, porque por aquel entonces no encontr\u00e9 ning\u00fan JPG de suficiente calidad y tama\u00f1o que tuviera las leyendas en castellano. Pero oye, hizo su funci\u00f3n admirablemente bien. <\/p>\n\n\n\n<figure class=\"wp-block-image size-full is-resized\"><img data-dominant-color=\"99927f\" data-has-transparency=\"false\" loading=\"lazy\" decoding=\"async\" width=\"1535\" height=\"1024\" sizes=\"auto, (max-width: 645px) 100vw, 645px\" src=\"https:\/\/www.erekibeon.com\/blog\/wp-content\/uploads\/hulemundi1.webp\" alt=\"\" class=\"wp-image-27165 not-transparent\" style=\"--dominant-color: #99927f; aspect-ratio:1.4990412788934222;width:862px;height:auto\" srcset=\"https:\/\/www.erekibeon.com\/blog\/wp-content\/uploads\/hulemundi1.webp 1535w, https:\/\/www.erekibeon.com\/blog\/wp-content\/uploads\/hulemundi1-300x200.webp 300w, https:\/\/www.erekibeon.com\/blog\/wp-content\/uploads\/hulemundi1-150x100.webp 150w, https:\/\/www.erekibeon.com\/blog\/wp-content\/uploads\/hulemundi1-768x512.webp 768w\" \/><figcaption class=\"wp-element-caption\">Y ahora que lo vuelvo a ver, no s\u00e9 c\u00f3mo lo hice, pero qued\u00f3 estupendamente encajado en las medidas de un hule cuadrado. <\/figcaption><\/figure>\n\n\n\n<p class=\"wp-block-paragraph\">Sin embargo, lleg\u00f3 el COVID y el mapa se nos fue casi completamente a blanco. La culpa fue de la lej\u00eda que (no s\u00e9 si os acordar\u00e9is) ten\u00edamos que utilizar para limpiar y desinfectar toda la compra que ven\u00eda de la calle.<\/p>\n\n\n\n<p class=\"wp-block-paragraph\">As\u00ed que, para sustituirlo, en aquel momento me pareci\u00f3 una buena idea cambiar a un mapa de Espa\u00f1a. A fin de cuentas, tampoco nos \u00edbamos tanto al extranjero. Eso s\u00ed, mantuvimos en una esquinita el mapamundi, por si hac\u00eda falta consultarlo en alguna ocasi\u00f3n. <\/p>\n\n\n\n<figure class=\"wp-block-image size-full\"><img data-dominant-color=\"c2c09e\" data-has-transparency=\"false\" style=\"--dominant-color: #c2c09e;\" loading=\"lazy\" decoding=\"async\" width=\"1535\" height=\"1024\" sizes=\"auto, (max-width: 645px) 100vw, 645px\" src=\"https:\/\/www.erekibeon.com\/blog\/wp-content\/uploads\/huleespana.webp\" alt=\"\" class=\"wp-image-27164 not-transparent\" srcset=\"https:\/\/www.erekibeon.com\/blog\/wp-content\/uploads\/huleespana.webp 1535w, https:\/\/www.erekibeon.com\/blog\/wp-content\/uploads\/huleespana-300x200.webp 300w, https:\/\/www.erekibeon.com\/blog\/wp-content\/uploads\/huleespana-150x100.webp 150w, https:\/\/www.erekibeon.com\/blog\/wp-content\/uploads\/huleespana-768x512.webp 768w\" \/><figcaption class=\"wp-element-caption\">Era un mapa muy result\u00f3n. La mayor\u00eda de los nombres estaban en castellano, salvo los mares, Francia y Marruecos. Tambi\u00e9n hab\u00eda detalles desconcertantes, como \u00abBodajoz\u00bb en lugar de Badajoz&#8230; o que \u00a1no aparec\u00eda marcado Don Benito! \u00a1Anatema!<\/figcaption><\/figure>\n\n\n\n<p class=\"wp-block-paragraph\">Y oye, a d\u00eda de hoy, despu\u00e9s de m\u00e1s de un lustro, el hule sigue resistiendo. <\/p>\n\n\n\n<p class=\"wp-block-paragraph\">Sin embargo, el desgaste del d\u00eda a d\u00eda ha hecho mella, y Espa\u00f1a ya se va viendo muy desva\u00edda (no, no es un comentario sobre la pol\u00edtica actual). Tambi\u00e9n nos hemos ido dando cuenta de la cantidad de veces que hemos necesitado consultar el mapamundi antes que el mapa de Espa\u00f1a. Si a eso le a\u00f1adimos que <strong>MetaCorsario<\/strong> va a empezar el instituto y va a ver m\u00e1s temas internacionales&#8230; pues tocaba un cambio ya. <\/p>\n\n\n\n<p class=\"wp-block-paragraph\">Y aqu\u00ed est\u00e1 el resultado que nos lleg\u00f3 el jueves pasado:<\/p>\n\n\n\n<figure class=\"wp-block-image size-full\"><img data-dominant-color=\"9d9a93\" data-has-transparency=\"false\" style=\"--dominant-color: #9d9a93;\" loading=\"lazy\" decoding=\"async\" width=\"1535\" height=\"1024\" sizes=\"auto, (max-width: 645px) 100vw, 645px\" src=\"https:\/\/www.erekibeon.com\/blog\/wp-content\/uploads\/huleequalearth.webp\" alt=\"\" class=\"wp-image-27160 not-transparent\" srcset=\"https:\/\/www.erekibeon.com\/blog\/wp-content\/uploads\/huleequalearth.webp 1535w, https:\/\/www.erekibeon.com\/blog\/wp-content\/uploads\/huleequalearth-300x200.webp 300w, https:\/\/www.erekibeon.com\/blog\/wp-content\/uploads\/huleequalearth-150x100.webp 150w, https:\/\/www.erekibeon.com\/blog\/wp-content\/uploads\/huleequalearth-768x512.webp 768w\" \/><figcaption class=\"wp-element-caption\">Tan brillante&#8230; tan nuevo&#8230; \u00bfcu\u00e1nto durar\u00e1 as\u00ed?<\/figcaption><\/figure>\n\n\n\n<p class=\"wp-block-paragraph\">Como ver\u00e9is, no he vuelto a utilizar el jpg del mapamundi anterior, sino que en esta ocasi\u00f3n he partido de <a href=\"https:\/\/www.equal-earth.com\/Equal-Earth-Map-0-ES.jpg\" data-type=\"link\" data-id=\"https:\/\/www.equal-earth.com\/Equal-Earth-Map-0-ES.jpg\" target=\"_blank\" rel=\"noopener\">este otro en castellano<\/a>, procedente de la web <a href=\"https:\/\/www.equal-earth.com\/\" data-type=\"link\" data-id=\"https:\/\/www.equal-earth.com\/\" target=\"_blank\" rel=\"noopener\"><strong>Equal Earth<\/strong><\/a>. Se trata de una iniciativa que descubr\u00ed el a\u00f1o pasado en <a href=\"https:\/\/www.microsiervos.com\/archivo\/mundoreal\/mapamundi-tierra-tamano-real-areas-iguales-proyeccion-dominio-publico-equal-earth.html\" data-type=\"link\" data-id=\"https:\/\/www.microsiervos.com\/archivo\/mundoreal\/mapamundi-tierra-tamano-real-areas-iguales-proyeccion-dominio-publico-equal-earth.html\">este art\u00edculo de Microsiervos<\/a>, y me pareci\u00f3 una gran idea que me apunt\u00e9, justo pensando en este momento. <\/p>\n\n\n\n<p class=\"wp-block-paragraph\">Este mapamundi refleja de forma m\u00e1s realista (dentro de lo que puede serlo cualquier proyecci\u00f3n, claro) las proporciones de los pa\u00edses y los continentes. As\u00ed, para <strong>MetaCorsario<\/strong> Groenlandia ya no ser\u00e1 tan enorme como lo ha sido siempre para sus padres, que hemos vivido con la proyecci\u00f3n de Mercator. Y adem\u00e1s, viene estupend\u00edsimamente bien tener un recordatorio sobre cu\u00e1n peque\u00f1a es Europa en comparaci\u00f3n con&#8230; bueno, b\u00e1sicamente, con todo el mundo.<\/p>\n\n\n\n<p class=\"wp-block-paragraph\">Tengo que mencionar el dolor de muelas que fue cuadrar un mapa tan chulo en un hule cuadrado. Me empe\u00f1\u00e9 en no cortar los laterales del mapa, porque en uno de ellos est\u00e1n Australia y Jap\u00f3n&#8230; y claro, al final ha quedado todo api\u00f1ado en una franja muy estrecha en el centro del mantel. Ahora me doy cuenta de que deber\u00eda haber recortado desde el borde izquierdo hasta Alaska. S\u00ed, habr\u00eda dejado fuera Hawai, Kiribati (que no s\u00e9 a vosotros, pero a m\u00ed no me suena este pa\u00eds para nada), Fiyi, Tonga, Samoa, las Islas Cook, las Pitcairn y la Polinesia Francesa (se habla demasiado poco de los territorios que tienen los franceses por el mundo). Pero sin ese trozo del mapa, podr\u00eda haber hecho m\u00e1s ancha la franja central. En fin, me lo apunto para la siguiente iteraci\u00f3n. <\/p>\n\n\n\n<p class=\"wp-block-paragraph\">Por otro lado, tengo tambi\u00e9n que decir que no me esperaba que lo de la <a href=\"https:\/\/es.wikipedia.org\/wiki\/Reduflaci%C3%B3n\" data-type=\"link\" data-id=\"https:\/\/es.wikipedia.org\/wiki\/Reduflaci%C3%B3n\">reduflaci\u00f3n<\/a> afectaba tambi\u00e9n al mercado del hule. El del mapa de Espa\u00f1a, de hace unos a\u00f1os, tiene un grueso&#8230; de hule, vamos, y se limpiaba f\u00e1cilmente. \u00c9ste nuevo es de bastante peor calidad. Es tan fino que hemos dejado el otro debajo, y encima es tan poroso que ya tiene dos manchas de gazpacho que no se van. As\u00ed que nada, en breve me veo encarg\u00e1ndolo de nuevo en otra tienda online, donde las calidades sean mejores.<\/p>\n\n\n\n<p class=\"wp-block-paragraph\">Y finalmente, un tema que nos dej\u00f3 ayer con la boca abierta. Mira t\u00fa por d\u00f3nde, lo que son las cosas. Justo antesdeayer, el d\u00eda despu\u00e9s de recibir el nuevo hule, resulta que esta proyecci\u00f3n de <strong>Equal Earth<\/strong> salt\u00f3 a las noticias porque <a href=\"https:\/\/www.microsiervos.com\/archivo\/mundoreal\/equal-earth-nuevo-mapamundi-onu-mercator.html\" data-type=\"link\" data-id=\"https:\/\/www.microsiervos.com\/archivo\/mundoreal\/equal-earth-nuevo-mapamundi-onu-mercator.html\" target=\"_blank\" rel=\"noopener\">la ONU ha aprobado la promoci\u00f3n del uso de mapas que reflejen mejor las proporciones de pa\u00edses y continentes.<\/a> \u00bfEl \u00fanico pa\u00eds que vot\u00f3 en contra de la proposici\u00f3n? Estados Unidos&#8230; que claro, \u00faltimamente est\u00e1n muy liados renombrando cosas por su cuenta. <\/p>\n\n\n\n<p class=\"wp-block-paragraph\">Qui\u00e9n sabe, igual un d\u00eda le da a Trump por venir a mi casa a escribir sus cosas encima de nuestro hule. \ud83d\ude1b<\/p>\n","protected":false},"excerpt":{"rendered":"<p>Hace m\u00e1s de una d\u00e9cada, cuando nos vinimos a vivir a esta casa, tuvimos claro que \u00edbamos a comer todos juntos en la cocina. La casa anterior era m\u00e1s peque\u00f1a y no ten\u00edamos m\u00e1s opci\u00f3n que comer en un sal\u00f3n estrecho, acompa\u00f1ados de la tele. Pero ahora que ten\u00edamos un poco m\u00e1s de espacio (pero [&hellip;]<\/p>\n","protected":false},"author":2,"featured_media":27160,"comment_status":"open","ping_status":"open","sticky":false,"template":"","format":"standard","meta":{"_jetpack_newsletter_access":"","_jetpack_dont_email_post_to_subs":false,"_jetpack_newsletter_tier_id":0,"_jetpack_memberships_contains_paywalled_content":false,"_jetpack_feature_clip_id":0,"_jetpack_memberships_contains_paid_content":false,"footnotes":"","jetpack_publicize_message":"","jetpack_publicize_feature_enabled":true,"jetpack_social_post_already_shared":true,"jetpack_social_options":{"image_generator_settings":{"template":"highway","default_image_id":0,"font":"","enabled":false},"version":2},"jetpack_post_was_ever_published":false},"categories":[21],"tags":[1036,1038,1033,1037],"class_list":["post-27159","post","type-post","status-publish","format-standard","has-post-thumbnail","hentry","category-vida-cotidiana","tag-cocina","tag-equal-earth","tag-hule","tag-mantel"],"jetpack_publicize_connections":[],"jetpack_sharing_enabled":true,"jetpack-related-posts":[{"id":4259,"url":"https:\/\/www.erekibeon.com\/blog\/story-cubes\/","url_meta":{"origin":27159,"position":0},"title":"Story Cubes","author":"Erek\u00edbeon","date":"31\/07\/2012","format":false,"excerpt":"Har\u00e1 unas semanas que a mi Reina le hablaron de\u00a0Dideco, una franquicia de material infantil al estilo de\u00a0Eureka Kids\u00a0que te hace importantes descuentos si tienes un t\u00edtulo de docente o similar. El caso es que mi Reina tiene en su curriculum el CAP (junto con un montonazo m\u00e1s de t\u00edtulos...\u2026","rel":"","context":"En \u00abFrikismo\u00bb","block_context":{"text":"Frikismo","link":"https:\/\/www.erekibeon.com\/blog\/category\/frikismo\/"},"img":{"alt_text":"","src":"https:\/\/i0.wp.com\/www.erekibeon.com\/blog\/wp-content\/uploads\/bp4852.jpg?resize=350%2C200&ssl=1","width":350,"height":200,"srcset":"https:\/\/i0.wp.com\/www.erekibeon.com\/blog\/wp-content\/uploads\/bp4852.jpg?resize=350%2C200&ssl=1 1x, https:\/\/i0.wp.com\/www.erekibeon.com\/blog\/wp-content\/uploads\/bp4852.jpg?resize=525%2C300&ssl=1 1.5x, https:\/\/i0.wp.com\/www.erekibeon.com\/blog\/wp-content\/uploads\/bp4852.jpg?resize=700%2C400&ssl=1 2x"},"classes":[]},{"id":12838,"url":"https:\/\/www.erekibeon.com\/blog\/asentandonos\/","url_meta":{"origin":27159,"position":1},"title":"Asent\u00e1ndonos","author":"Erek\u00edbeon","date":"09\/12\/2015","format":false,"excerpt":"Pues a lo tonto ya llevo un tiempo\u00a0sin escribir por aqu\u00ed. M\u00e1s o menos el mismo que llevamos habitando en la casa nueva... as\u00ed que igual ya va siendo hora de pasarse y sacudir un poco las telara\u00f1as virtuales que cubren todo esto.\u00a0Y bueno, ya que estoy, pues aprovecho y\u2026","rel":"","context":"En \u00abVida cotidiana\u00bb","block_context":{"text":"Vida cotidiana","link":"https:\/\/www.erekibeon.com\/blog\/category\/vida-cotidiana\/"},"img":{"alt_text":"","src":"https:\/\/i0.wp.com\/www.erekibeon.com\/blog\/wp-content\/uploads\/2016\/07\/Asent%C3%A1ndonos.jpg?resize=350%2C200&ssl=1","width":350,"height":200,"srcset":"https:\/\/i0.wp.com\/www.erekibeon.com\/blog\/wp-content\/uploads\/2016\/07\/Asent%C3%A1ndonos.jpg?resize=350%2C200&ssl=1 1x, https:\/\/i0.wp.com\/www.erekibeon.com\/blog\/wp-content\/uploads\/2016\/07\/Asent%C3%A1ndonos.jpg?resize=525%2C300&ssl=1 1.5x"},"classes":[]},{"id":4941,"url":"https:\/\/www.erekibeon.com\/blog\/wil-wheaton-y-unos-colegas-juegan-a-dragon-age\/","url_meta":{"origin":27159,"position":2},"title":"Wil Wheaton y unos colegas juegan a Dragon Age","author":"Erek\u00edbeon","date":"20\/02\/2013","format":false,"excerpt":"Tabletop es una serie web sobre juegos de mesa que lleva desde marzo de 2012 juntando gente interesante para echar una partida delante de las c\u00e1maras. Producido por Felicia Day y Wil Wheaton, y presentado por este \u00faltimo, han conseguido crear un programa al que estar\u00eda enganchado todos los d\u00edas\u2026","rel":"","context":"En \u00abInternet\u00bb","block_context":{"text":"Internet","link":"https:\/\/www.erekibeon.com\/blog\/category\/cosas-de-internet\/"},"img":{"alt_text":"","src":"https:\/\/i0.wp.com\/www.erekibeon.com\/blog\/wp-content\/uploads\/dragonagetabletop_zpsd88a2a44.jpg?resize=350%2C200&ssl=1","width":350,"height":200,"srcset":"https:\/\/i0.wp.com\/www.erekibeon.com\/blog\/wp-content\/uploads\/dragonagetabletop_zpsd88a2a44.jpg?resize=350%2C200&ssl=1 1x, https:\/\/i0.wp.com\/www.erekibeon.com\/blog\/wp-content\/uploads\/dragonagetabletop_zpsd88a2a44.jpg?resize=525%2C300&ssl=1 1.5x"},"classes":[]},{"id":23545,"url":"https:\/\/www.erekibeon.com\/blog\/5-dias-seguidos-con-gatitos-magicos-al-rescate\/","url_meta":{"origin":27159,"position":3},"title":"5 d\u00edas seguidos con Gatitos M\u00e1gicos \u00a1Al Rescate!","author":"Erek\u00edbeon","date":"28\/01\/2023","format":false,"excerpt":"Creo que mi sue\u00f1o se ha hecho realidad unos cuantos a\u00f1os antes de lo que pensaba. \u00bfOs imagin\u00e1is lo guay que ser\u00eda tener un m\u00e1ster esper\u00e1ndote en casa a que vuelvas del trabajo, ansioso por retomar la aventura que est\u00e1is jugando? Pues eso he tenido yo durante los cinco \u00faltimos\u2026","rel":"","context":"En \u00abNi\u00f1os\u00bb","block_context":{"text":"Ni\u00f1os","link":"https:\/\/www.erekibeon.com\/blog\/category\/ninos\/"},"img":{"alt_text":"","src":"https:\/\/i0.wp.com\/www.erekibeon.com\/blog\/wp-content\/uploads\/GatitosMagicosPortada-1.webp?resize=350%2C200&ssl=1","width":350,"height":200,"srcset":"https:\/\/i0.wp.com\/www.erekibeon.com\/blog\/wp-content\/uploads\/GatitosMagicosPortada-1.webp?resize=350%2C200&ssl=1 1x, https:\/\/i0.wp.com\/www.erekibeon.com\/blog\/wp-content\/uploads\/GatitosMagicosPortada-1.webp?resize=525%2C300&ssl=1 1.5x, https:\/\/i0.wp.com\/www.erekibeon.com\/blog\/wp-content\/uploads\/GatitosMagicosPortada-1.webp?resize=700%2C400&ssl=1 2x"},"classes":[]},{"id":4472,"url":"https:\/\/www.erekibeon.com\/blog\/por-las-ludo-ergo-sum-2012\/","url_meta":{"origin":27159,"position":4},"title":"Por las Ludo Ergo Sum 2012","author":"Erek\u00edbeon","date":"26\/09\/2012","format":false,"excerpt":"\u00bfSe puede ser fan de un grupo de m\u00fasica sin haber ido a uno de sus conciertos? \u00bfSe puede ser comiquero u otaku y no ir en tu vida a un Sal\u00f3n? \u00bfSe puede ser aficionado a la F\u00f3rmula 1 sin haber estado jam\u00e1s en un circuito? \u00bfSe puede ser\u2026","rel":"","context":"En \u00abFrikismo\u00bb","block_context":{"text":"Frikismo","link":"https:\/\/www.erekibeon.com\/blog\/category\/frikismo\/"},"img":{"alt_text":"","src":"https:\/\/i0.wp.com\/www.erekibeon.com\/blog\/wp-content\/uploads\/ImagenLES2012Vertical.jpg?resize=350%2C200&ssl=1","width":350,"height":200,"srcset":"https:\/\/i0.wp.com\/www.erekibeon.com\/blog\/wp-content\/uploads\/ImagenLES2012Vertical.jpg?resize=350%2C200&ssl=1 1x, https:\/\/i0.wp.com\/www.erekibeon.com\/blog\/wp-content\/uploads\/ImagenLES2012Vertical.jpg?resize=525%2C300&ssl=1 1.5x"},"classes":[]},{"id":162,"url":"https:\/\/www.erekibeon.com\/blog\/el-origen-de-la-alianza-rebelde\/","url_meta":{"origin":27159,"position":5},"title":"El origen de la Alianza Rebelde","author":"Erek\u00edbeon","date":"17\/09\/2008","format":false,"excerpt":"En el blog \"No tenemos nada que ver con ellos\", me encontr\u00e9 este art\u00edculo sobre el juego \"Star Wars : The Force Unleashed\" donde figura un enlace al c\u00f3mic que narra el argumento del juego. Como no entra dentro de mis planes el jugarlo, segu\u00ed la indicaci\u00f3n de Fry que\u2026","rel":"","context":"En \u00abStar Wars\u00bb","block_context":{"text":"Star Wars","link":"https:\/\/www.erekibeon.com\/blog\/category\/star-wars\/"},"img":{"alt_text":"","src":"","width":0,"height":0},"classes":[]}],"jetpack_featured_media_url":"https:\/\/www.erekibeon.com\/blog\/wp-content\/uploads\/huleequalearth.webp","_links":{"self":[{"href":"https:\/\/www.erekibeon.com\/blog\/wp-json\/wp\/v2\/posts\/27159","targetHints":{"allow":["GET"]}}],"collection":[{"href":"https:\/\/www.erekibeon.com\/blog\/wp-json\/wp\/v2\/posts"}],"about":[{"href":"https:\/\/www.erekibeon.com\/blog\/wp-json\/wp\/v2\/types\/post"}],"author":[{"embeddable":true,"href":"https:\/\/www.erekibeon.com\/blog\/wp-json\/wp\/v2\/users\/2"}],"replies":[{"embeddable":true,"href":"https:\/\/www.erekibeon.com\/blog\/wp-json\/wp\/v2\/comments?post=27159"}],"version-history":[{"count":5,"href":"https:\/\/www.erekibeon.com\/blog\/wp-json\/wp\/v2\/posts\/27159\/revisions"}],"predecessor-version":[{"id":27175,"href":"https:\/\/www.erekibeon.com\/blog\/wp-json\/wp\/v2\/posts\/27159\/revisions\/27175"}],"wp:featuredmedia":[{"embeddable":true,"href":"https:\/\/www.erekibeon.com\/blog\/wp-json\/wp\/v2\/media\/27160"}],"wp:attachment":[{"href":"https:\/\/www.erekibeon.com\/blog\/wp-json\/wp\/v2\/media?parent=27159"}],"wp:term":[{"taxonomy":"category","embeddable":true,"href":"https:\/\/www.erekibeon.com\/blog\/wp-json\/wp\/v2\/categories?post=27159"},{"taxonomy":"post_tag","embeddable":true,"href":"https:\/\/www.erekibeon.com\/blog\/wp-json\/wp\/v2\/tags?post=27159"}],"curies":[{"name":"wp","href":"https:\/\/api.w.org\/{rel}","templated":true}]}}