{"id":24,"date":"2008-03-29T18:13:59","date_gmt":"2008-03-29T17:13:59","guid":{"rendered":"http:\/\/erekibeon.wordpress.com\/?p=24"},"modified":"2022-12-10T16:49:08","modified_gmt":"2022-12-10T15:49:08","slug":"no-tengo-amigos-de-rafa-corega","status":"publish","type":"post","link":"https:\/\/www.erekibeon.com\/blog\/no-tengo-amigos-de-rafa-corega\/","title":{"rendered":"\u00abNo tengo amigos\u00bb de Rafa Corega"},"content":{"rendered":"<p>Musicalmente me considero un tipo m\u00e1s bien ecl\u00e9ctico. No tengo ning\u00fan empacho en reconocer que me gustan tanto el rock-western de <a href=\"https:\/\/es.wikipedia.org\/wiki\/La_Frontera_(banda)\" target=\"_blank\" rel=\"noopener\">La Frontera<\/a> (como ya he comentado<a href=\"https:\/\/supersvscotidiano.wordpress.com\/2007\/04\/17\/chacal\/\" target=\"_blank\" rel=\"noopener\"> en otro blog<\/a>), el chicle-pop de <a href=\"https:\/\/www.myspace.com\/lacasaazulband\" target=\"_blank\" rel=\"noopener\">La Casa Azul<\/a>, el hip hop de <a href=\"https:\/\/es.wikipedia.org\/wiki\/La_Excepci%C3%B3n\" target=\"_blank\" rel=\"noopener\">La Excepci\u00f3n<\/a> o el punk-rock de <a href=\"https:\/\/es.wikipedia.org\/wiki\/Siniestro_Total\" target=\"_blank\" rel=\"noopener\">Siniestro Total<\/a>. Todo depende del momento en el que me encuentre.<\/p>\n<p>Y en estos momentos ando escuchando una y otra vez este tema de <a href=\"https:\/\/www.rafacorega.com\/\">Rafa Corega<\/a>, que algunos dicen que es Faemino (y por algunos gestos que hace en el v\u00eddeo me atrever\u00eda a asegurar que tienen raz\u00f3n).<\/p>\n<p><iframe loading=\"lazy\" title=\"RAFA COREGA-NO TENGO AMIGOS\" width=\"500\" height=\"281\" src=\"https:\/\/www.youtube.com\/embed\/bOTPk3J2jv8?feature=oembed\" frameborder=\"0\" allow=\"accelerometer; autoplay; clipboard-write; encrypted-media; gyroscope; picture-in-picture; web-share\" referrerpolicy=\"strict-origin-when-cross-origin\" allowfullscreen><\/iframe><\/p>\n<p>\u00bfPor qu\u00e9 me hipnotiza esta canci\u00f3n? \u00bfQu\u00e9 me impulsa a ponerla en modo continuo para escucharla una y otra vez?<\/p>\n<p>Por una parte, la base instrumental. Ese bajo que destila mala leche, esa guitarra reforzando los seis acordes, esa secci\u00f3n \u00abde viento-casiotone\u00bb y ese delirante solo de banjo en el medio de la canci\u00f3n me recuerdan al Siniestro de \u00ab<a href=\"https:\/\/siniestro.com\/historia\/disco\/sesion-vermu\/\">Sesi\u00f3n Verm\u00fa<\/a>\u00ab, s\u00f3lo que m\u00e1s contundente.<\/p>\n<p>Por otra parte la letra, que transcribo a continuaci\u00f3n para mayor gloria internetera de Faem.. estooo&#8230; de Rafa.<\/p>\n<p style=\"text-align: center;\"><em>Si generalmente critic\u00e1is<br \/>\ny en particular a m\u00ed<\/em><\/p>\n<p style=\"text-align: center;\"><em>No os extra\u00f1\u00e9is que me d\u00e9 por insultado<br \/>\nUn placer ser\u00e1 veros con el cuello cortado<br \/>\nCon cuatro pelos har\u00e9 mu\u00f1ecos de vud\u00fa<br \/>\nEntre las u\u00f1as clavar\u00e9 ca\u00f1itas de bamb\u00fa<\/em><\/p>\n<p style=\"text-align: center;\"><em>Atravesar\u00e9 vuestro torax con con mi espada<br \/>\nOs dar\u00e9 por culo con una ca\u00f1a rajada<\/em><\/p>\n<p style=\"text-align: center;\"><em>Si desprecio al mundo en general<br \/>\ny a la gente en particular<\/em><\/p>\n<p style=\"text-align: center;\"><em>Para qu\u00e9 co\u00f1o necesito yo de un amigo<br \/>\nSi disfruto solo mir\u00e1ndome el ombligo<br \/>\nYo soy el preso que desde el cautiverio<br \/>\nMatar\u00eda a toda la gente sin criterio<\/em><\/p>\n<p style=\"text-align: center;\"><strong><em>Para m\u00ed la justicia no tiene balanza<br \/>\nSolo reconozco el valor de la venganza<\/em><\/strong><\/p>\n<p style=\"text-align: center;\"><strong><em>Cualquier individuo que me mira mal<br \/>\ndespierta en m\u00ed a un dormido animal<\/em><\/strong><\/p>\n<p style=\"text-align: center;\"><em>A base de hostias os quitar\u00e9 de enmedio<br \/>\nllenar\u00e9 las tumbas vacias del cementerio<br \/>\nos pegar\u00e9 patadas en los huevos<br \/>\ninventar\u00e9 mil y un tormentos nuevos<\/em><\/p>\n<p style=\"text-align: center;\"><em>No tengo sentido del humor para la broma<br \/>\nPara estar conmigo has de hablar mi mismo idioma<\/em><\/p>\n<p style=\"text-align: center;\"><em>Si segu\u00eds sin dejarme en paz<br \/>\nVais a ver de lo que soy capaz<\/em><\/p>\n<p style=\"text-align: center;\"><em>En mi cabeza se apagar\u00e1 un fusible<br \/>\nVoy a hacer que vuestra vida sea imposible<br \/>\nAl que no quiera caldo yo le dar\u00e9 dos tazas<br \/>\nCumplir\u00e9 hasta la \u00faltima de mis amenazas<\/em><\/p>\n<p style=\"text-align: center;\"><strong><em>Y aunque comprend\u00e1is la raz\u00f3n de mis acciones<br \/>\nvuestra compasi\u00f3n me la paso por&#8230;<\/em><\/strong><\/p>\n<p style=\"text-align: center;\"><em>Si generalmente critic\u00e1is<br \/>\nY en particular a m\u00ed&#8230;<\/em><\/p>\n<p>Como veis, una serie de construcciones gramaticales que s\u00f3lo usar\u00eda un gafapasta mezcladas con tacos barriobajeros. Un todo que nos deja frases (resaltadas por m\u00ed en negrita) dignas de lucirse en camisetas o para pintar en las paredes.<\/p>\n<p>Y combinada esta letra de agresi\u00f3n, de violencia culta y a la vez descarnada con la voz \u00abde plata\u00bb de Rafa y su gestualidad, nos da como resultado una obra maestra de la agitaci\u00f3n tranquila, del cabreo sereno y cachondo. \u00bfOs imagin\u00e1is esa m\u00fasica y letra en voz de grupos con voces menos \u00abargentinas\u00bb, como <a href=\"https:\/\/www.defcondos.com\/\" target=\"_blank\" rel=\"noopener\">Def Con Dos<\/a> o <a href=\"https:\/\/www.jsabina.com\" target=\"_blank\" rel=\"noopener\">Joaqu\u00edn Sabina<\/a>? A estas alturas estar\u00edamos en medio de una oleada de peleas callejeras multitudinarias, asesinatos de vecinos y compa\u00f1eros de trabajo y violencia general sin justificaci\u00f3n alguna.<\/p>\n<p>Pero no. Gracias al tono que imprime el Orgullo de Occidente podemos utilizar esta canci\u00f3n para remitirla a quienes nos tocan los g\u00fcevos diariamente, sirviendo como disparo de advertencia o de pescoz\u00f3n amistoso.<\/p>\n<figure style=\"width: 446px\" class=\"wp-caption aligncenter\"><img data-recalc-dims=\"1\" loading=\"lazy\" decoding=\"async\" src=\"https:\/\/i0.wp.com\/www.elseptimoarte.net\/imagenes\/peliculas\/1787.jpg?resize=446%2C334&#038;ssl=1\" alt=\"\" width=\"446\" height=\"334\" \/><figcaption class=\"wp-caption-text\">Ver\u00f3nicaaaa&#8230;. Te remit\u00ed el v\u00eddeo de Rafa y seguiste d\u00e1ndome la brasa con tu voz de pitooooo&#8230;<\/figcaption><\/figure>\n<p><strong><em>\u00a0<\/em><\/strong><\/p>\n<p>Para m\u00ed es la mejor canci\u00f3n hasta el momento del artista de Castell\u00f3n de la Plana, seguida muy de cerca por dos cuasi-himnos como son <a href=\"https:\/\/www.youtube.com\/watch?v=sKB3Agy-eFQ&amp;feature=related\" target=\"_blank\" rel=\"noopener\">Odio a las ballenas <\/a> o <a href=\"https:\/\/www.youtube.com\/watch?v=PRpuziWUmrw\">Mi hijo es un canalla<\/a>, que comparten el sonido neopunk de No tengo amigos, pero que yo enmarcar\u00eda dentro del g\u00e9nero de la<a href=\"https:\/\/youtu.be\/PRpuziWUmrw\" target=\"_blank\" rel=\"noopener\"> canci\u00f3n protesta<\/a>. Los dem\u00e1s temas, como esos homenajes al Fary y Camilo Sexto, o esa versi\u00f3n del himno de Espa\u00f1a (cuya letra comparto, pero cuya m\u00fasica electr\u00f3nica aborrezco) me parecen simplemente unas pruebas de Rafa buscando su sonido definitivo.<\/p>\n<p>As\u00ed que, si el Orgullo de Occidente llega alg\u00fan d\u00eda a este humilde blog, le se\u00f1alar\u00eda que su sonido es, sin lugar a dudas, el punk\/rock duro. En otros registros su talento y su mensaje ser\u00eda motivo de chufla y correr\u00eda el riesgo de ser confundido por un mero imitador a la estela de <a href=\"https:\/\/chikilicuatre.tumblr.com\/\">Rodolfo Chikilicuatre<\/a> y su infame <a href=\"https:\/\/www.youtube.com\/watch?v=A7ENEcURteI\">Chiki Chiki<\/a>.<\/p>\n","protected":false},"excerpt":{"rendered":"<p>Musicalmente me considero un tipo m\u00e1s bien ecl\u00e9ctico. No tengo ning\u00fan empacho en reconocer que me gustan tanto el rock-western de La Frontera (como ya he comentado en otro blog), el chicle-pop de La Casa Azul, el hip hop de La Excepci\u00f3n o el punk-rock de Siniestro Total. Todo depende del momento en el que [&hellip;]<\/p>\n","protected":false},"author":2,"featured_media":0,"comment_status":"open","ping_status":"open","sticky":false,"template":"","format":"standard","meta":{"_jetpack_memberships_contains_paid_content":false,"footnotes":"","jetpack_publicize_message":"","jetpack_publicize_feature_enabled":true,"jetpack_social_post_already_shared":false,"jetpack_social_options":{"image_generator_settings":{"template":"highway","default_image_id":0,"font":"","enabled":false},"version":2}},"categories":[10],"tags":[528],"class_list":["post-24","post","type-post","status-publish","format-standard","hentry","category-musica","tag-musica"],"jetpack_publicize_connections":[],"jetpack_featured_media_url":"","jetpack_sharing_enabled":true,"jetpack-related-posts":[{"id":2607,"url":"https:\/\/www.erekibeon.com\/blog\/todos-los-caminos-me-llevan-a-star-wars\/","url_meta":{"origin":24,"position":0},"title":"Todos los caminos me llevan a Star Wars","author":"Erek\u00edbeon","date":"10\/06\/2011","format":false,"excerpt":"Parece que la \u00danica Trilog\u00eda es mi Roma particular. Para muestra, un bot\u00f3n. Por esos azares de la vida estaba yo escuchando un disco de Tote King, \"El Lado Oscuro de Gandhi\", cuando me encuentro con este tema: https:\/\/www.youtube.com\/watch?v=sOYmp0yY1jg Impresionado con la pedazo de base que emplea, algo entre blues\u2026","rel":"","context":"En \u00abM\u00fasica\u00bb","block_context":{"text":"M\u00fasica","link":"https:\/\/www.erekibeon.com\/blog\/category\/musica\/"},"img":{"alt_text":"","src":"","width":0,"height":0},"classes":[]},{"id":2288,"url":"https:\/\/www.erekibeon.com\/blog\/black-kids-look-at-me-when-i-rock-wichoo\/","url_meta":{"origin":24,"position":1},"title":"Black Kids &#8211; Look At Me (When I Rock Wichoo)","author":"Erek\u00edbeon","date":"11\/02\/2011","format":false,"excerpt":"En alguna parte ya comentaba que me considero un tipo bastante ecl\u00e9ctico en cuanto a gustos musicales. Pero no fue hasta hace poco que hice el esfuerzo de comprender por qu\u00e9. Y al final lo comprend\u00ed. Resulta que el 90% de las canciones que me gustan tienen algo en com\u00fan:\u2026","rel":"","context":"En \u00abFrikismo\u00bb","block_context":{"text":"Frikismo","link":"https:\/\/www.erekibeon.com\/blog\/category\/frikismo\/"},"img":{"alt_text":"","src":"https:\/\/i0.wp.com\/static.guim.co.uk\/sys-images\/Music\/Pix\/pictures\/2008\/08\/20\/poochie.jpg?resize=350%2C200&ssl=1","width":350,"height":200,"srcset":"https:\/\/i0.wp.com\/static.guim.co.uk\/sys-images\/Music\/Pix\/pictures\/2008\/08\/20\/poochie.jpg?resize=350%2C200&ssl=1 1x, https:\/\/i0.wp.com\/static.guim.co.uk\/sys-images\/Music\/Pix\/pictures\/2008\/08\/20\/poochie.jpg?resize=525%2C300&ssl=1 1.5x"},"classes":[]},{"id":21778,"url":"https:\/\/www.erekibeon.com\/blog\/petit-pop\/","url_meta":{"origin":24,"position":2},"title":"Petit Pop","author":"Erek\u00edbeon","date":"09\/09\/2022","format":false,"excerpt":"Bueno... pues el verano ya se acab\u00f3. Y parece inevitable que el t\u00edtulo de Canci\u00f3n del Verano de este 2022 es BZRP Music Sessions #52, alias \"la de Bizarrap y Quevedo\", pese a los esfuerzos de Rosal\u00eda y su Despech\u00e1. Eso para el resto del mundo... porque, si hay una\u2026","rel":"","context":"En \u00abM\u00fasica\u00bb","block_context":{"text":"M\u00fasica","link":"https:\/\/www.erekibeon.com\/blog\/category\/musica\/"},"img":{"alt_text":"","src":"https:\/\/i0.wp.com\/www.erekibeon.com\/blog\/wp-content\/uploads\/PetitPop.jpg?fit=740%2C500&ssl=1&resize=350%2C200","width":350,"height":200,"srcset":"https:\/\/i0.wp.com\/www.erekibeon.com\/blog\/wp-content\/uploads\/PetitPop.jpg?fit=740%2C500&ssl=1&resize=350%2C200 1x, https:\/\/i0.wp.com\/www.erekibeon.com\/blog\/wp-content\/uploads\/PetitPop.jpg?fit=740%2C500&ssl=1&resize=525%2C300 1.5x, https:\/\/i0.wp.com\/www.erekibeon.com\/blog\/wp-content\/uploads\/PetitPop.jpg?fit=740%2C500&ssl=1&resize=700%2C400 2x"},"classes":[]},{"id":4000,"url":"https:\/\/www.erekibeon.com\/blog\/mash-ups-musicales-que-no-puedo-dejar-de-escuchar\/","url_meta":{"origin":24,"position":3},"title":"Mash-ups musicales que no puedo dejar de escuchar","author":"Erek\u00edbeon","date":"25\/05\/2012","format":false,"excerpt":"Lo siento, damas y caballeros. Esto s\u00e9 que lo he compartido por Google +, por Twitter y por Facebook, pero como llevo ya una semana y pico enganchado y sigo flip\u00e1ndolo, tengo que ponerlo por aqu\u00ed para que perdure :-P Para los que no sep\u00e1is la historia, aqu\u00ed va un\u2026","rel":"","context":"En \u00abM\u00fasica\u00bb","block_context":{"text":"M\u00fasica","link":"https:\/\/www.erekibeon.com\/blog\/category\/musica\/"},"img":{"alt_text":"","src":"https:\/\/i0.wp.com\/img.youtube.com\/vi\/XyiUMILRPGU\/0.jpg?resize=350%2C200","width":350,"height":200},"classes":[]},{"id":1305,"url":"https:\/\/www.erekibeon.com\/blog\/rpg-carnival-castellano-1-retroclones\/","url_meta":{"origin":24,"position":4},"title":"[RPG Carnival Castellano 1] Retroclones:","author":"Erek\u00edbeon","date":"13\/07\/2010","format":false,"excerpt":"No puedo por menos que aplaudir la iniciativa de Bester Brainstormer de recoger este guante lanzado por Rafa, de Detr\u00e1s de la Pantalla. Me parece estupendo todo lo que sea hacer m\u00e1s pi\u00f1a en la rolesfera castellanoparlante, as\u00ed que \u00a1ah\u00ed va mi granito de arena! En general yo soy bastante\u2026","rel":"","context":"En \u00abrol\u00bb","block_context":{"text":"rol","link":"https:\/\/www.erekibeon.com\/blog\/category\/rol\/"},"img":{"alt_text":"","src":"https:\/\/i0.wp.com\/www.erekibeon.com\/blog\/wp-content\/uploads\/rpgblogcarnivallogo-es-227x300-1-1.jpg?resize=350%2C200&ssl=1","width":350,"height":200},"classes":[]},{"id":4036,"url":"https:\/\/www.erekibeon.com\/blog\/curso-intensivo-para-escuchar-el-bajo\/","url_meta":{"origin":24,"position":5},"title":"Curso intensivo para conseguir escuchar el bajo","author":"Erek\u00edbeon","date":"04\/06\/2012","format":false,"excerpt":"Recuerdo que hace unos a\u00f1os, durante un concierto de blues, escuch\u00e9 una conversaci\u00f3n de unas chicas que andaban cerca. Resultaba que una de ellas era la novia del bajista y le preguntaba a su amiga si su novio lo estaba haciendo bien o no, porque ella era incapaz de distinguir\u2026","rel":"","context":"En \u00abM\u00fasica\u00bb","block_context":{"text":"M\u00fasica","link":"https:\/\/www.erekibeon.com\/blog\/category\/musica\/"},"img":{"alt_text":"","src":"https:\/\/i0.wp.com\/img.youtube.com\/vi\/JxtRgu3pg2k\/0.jpg?resize=350%2C200","width":350,"height":200},"classes":[]}],"_links":{"self":[{"href":"https:\/\/www.erekibeon.com\/blog\/wp-json\/wp\/v2\/posts\/24","targetHints":{"allow":["GET"]}}],"collection":[{"href":"https:\/\/www.erekibeon.com\/blog\/wp-json\/wp\/v2\/posts"}],"about":[{"href":"https:\/\/www.erekibeon.com\/blog\/wp-json\/wp\/v2\/types\/post"}],"author":[{"embeddable":true,"href":"https:\/\/www.erekibeon.com\/blog\/wp-json\/wp\/v2\/users\/2"}],"replies":[{"embeddable":true,"href":"https:\/\/www.erekibeon.com\/blog\/wp-json\/wp\/v2\/comments?post=24"}],"version-history":[{"count":0,"href":"https:\/\/www.erekibeon.com\/blog\/wp-json\/wp\/v2\/posts\/24\/revisions"}],"wp:attachment":[{"href":"https:\/\/www.erekibeon.com\/blog\/wp-json\/wp\/v2\/media?parent=24"}],"wp:term":[{"taxonomy":"category","embeddable":true,"href":"https:\/\/www.erekibeon.com\/blog\/wp-json\/wp\/v2\/categories?post=24"},{"taxonomy":"post_tag","embeddable":true,"href":"https:\/\/www.erekibeon.com\/blog\/wp-json\/wp\/v2\/tags?post=24"}],"curies":[{"name":"wp","href":"https:\/\/api.w.org\/{rel}","templated":true}]}}