{"id":11722,"date":"2015-01-27T16:03:14","date_gmt":"2015-01-27T15:03:14","guid":{"rendered":"http:\/\/www.erekibeon.com\/blog\/?p=11722"},"modified":"2023-01-02T20:35:21","modified_gmt":"2023-01-02T19:35:21","slug":"que-es-un-coche","status":"publish","type":"post","link":"https:\/\/www.erekibeon.com\/blog\/que-es-un-coche\/","title":{"rendered":"\u00bfQu\u00e9 es un coche?"},"content":{"rendered":"\n<p>Si un d\u00eda me abordara por la calle el t\u00edpico encuestador y me hiciera esta pregunta, no s\u00e9 a vosotros, pero a m\u00ed lo primero que me vendr\u00eda a la cabeza ser\u00eda algo tal que as\u00ed:<\/p>\n\n\n\n<figure class=\"wp-block-image aligncenter\"><img data-recalc-dims=\"1\" loading=\"lazy\" decoding=\"async\" width=\"720\" height=\"406\" sizes=\"auto, (max-width: 645px) 100vw, 645px\" src=\"https:\/\/i0.wp.com\/www.erekibeon.com\/blog\/wp-content\/uploads\/arton8124-53c2c-1.jpg?resize=720%2C406&#038;ssl=1\" alt=\"\" class=\"wp-image-21331\" srcset=\"https:\/\/i0.wp.com\/www.erekibeon.com\/blog\/wp-content\/uploads\/arton8124-53c2c-1.jpg?w=720&amp;ssl=1 720w, https:\/\/i0.wp.com\/www.erekibeon.com\/blog\/wp-content\/uploads\/arton8124-53c2c-1.jpg?resize=300%2C169&amp;ssl=1 300w, https:\/\/i0.wp.com\/www.erekibeon.com\/blog\/wp-content\/uploads\/arton8124-53c2c-1.jpg?resize=150%2C85&amp;ssl=1 150w, https:\/\/i0.wp.com\/www.erekibeon.com\/blog\/wp-content\/uploads\/arton8124-53c2c-1.jpg?resize=696%2C392&amp;ssl=1 696w\" \/><\/figure>\n\n\n\n<p class=\"has-text-align-center\"><em>(Foto: <a href=\"https:\/\/pl.wikipedia.org\/wiki\/Renault_M%C3%A9gane#mediaviewer\/File:Renault_M%C3%A9ganeFacelift.jpg\" target=\"_blank\" rel=\"noopener noreferrer\">Thomas Doerfer<\/a>)<\/em><\/p>\n\n\n\n<p>Si encima el encuestador me pidiera una definici\u00f3n a vuelapluma, probablemente le dir\u00eda que un coche es un veh\u00edculo a motor para transportar personas, de cuatro ruedas y tama\u00f1o medio.<\/p>\n\n\n\n<p>Y creo que ser\u00eda una buena definici\u00f3n, porque me permite distinguirlo de otro tipo de veh\u00edculos que circulan habitualmente por las calles, como las bicis, los monopatines, las motos, los camiones y las furgonetas. Es m\u00e1s, seguramente no necesite otra para hacerme entender en el 90% de las conversaciones que tendr\u00e9 en toda mi vida.<\/p>\n\n\n\n<p>Pero sin embargo tengo la sensaci\u00f3n de que no es una definici\u00f3n completamente cerrada, ya que hay otras cosas que podr\u00edan ser un coche&#8230; o no.<\/p>\n\n\n\n<p>Por ejemplo, \u00bfuna limusina de seis ruedas es un coche? Pues&#8230; yo dir\u00eda que s\u00ed, pero claro, tiene m\u00e1s ruedas que mi definici\u00f3n. Y tambi\u00e9n hay casos que no la contradicen, pero est\u00e1n ah\u00ed ah\u00ed, a punto de salirse de la frontera. \u00bfUn todoterreno es un coche grande o una furgoneta de pasajeros? \u00bfPuede ser las dos cosas a la vez? \u00bfO tiramos por el medio y nos inventamos una categor\u00eda nueva?<\/p>\n\n\n\n<p>Este suele ser el momento en el que uno se mete en el berenjenal de buscar definiciones m\u00e1s t\u00e9cnicas. Lo normal suele ser consultar a la <a href=\"https:\/\/www.rae.es\/\" target=\"_blank\" rel=\"noopener noreferrer\"><strong>Real Academia Espa\u00f1ola<\/strong><\/a>, que para eso pagamos a unos se\u00f1ores para que apunten las palabras y lo significados que el populacho les atribuye. <a href=\"https:\/\/lema.rae.es\/drae\/?val=coche\" target=\"_blank\" rel=\"noopener noreferrer\">Seg\u00fan estos se\u00f1ores:<\/a><\/p>\n\n\n\n<blockquote><blockquote class=\"td_quote_box td_box_center\"><p style=\"text-align: left;\">coche.<br \/>(Del h\u00fangaro kocsi, carruaje).<br \/>1. m. Veh\u00edculo autom\u00f3vil de tama\u00f1o peque\u00f1o o mediano, destinado al transporte de personas y con capacidad no superior a nueve plazas.<\/p><p class=\"q\" style=\"text-align: left;\"><span class=\"d\">2.<\/span><span class=\"g\"> <span class=\"g\" title=\"nombre masculino\">m.<\/span><\/span><span class=\"b\"> Carruaje de cuatro ruedas de tracci\u00f3n animal, con una caja, dentro de la cual hay asiento para dos o m\u00e1s personas.<\/span><\/p><p class=\"q\" style=\"text-align: left;\">3<span class=\"d\"><b>.<\/b><\/span><span class=\"g\"> <span class=\"g\" title=\"nombre masculino\">m.<\/span><\/span><span class=\"b\"> Vag\u00f3n del tren o del metro.<\/span><\/p><\/blockquote><\/blockquote>\n\n\n\n<p>\u00a1Toma! La primera acepci\u00f3n no dice nada del n\u00famero de ruedas, sino que habla de tama\u00f1os. Supongo que la limusina y el todoterreno quedar\u00edan fuera, porque son de tama\u00f1o \u00abgrande\u00bb&#8230; o no, porque \u00bfcu\u00e1les son las medidas exactas de \u00abpeque\u00f1o o mediano\u00bb? Y por si fuera poco, seg\u00fan esto \u00bflas motos s\u00ed ser\u00edan coches? O_o<\/p>\n\n\n\n<p>Pues nada, no nos vale. Vamos a ver si hay m\u00e1s suerte con la <strong>Wikipedia<\/strong>. <a href=\"https:\/\/es.wikipedia.org\/wiki\/Coche\" target=\"_blank\" rel=\"noopener noreferrer\">En la entrada de \u00abCoche\u00bb<\/a> ya nos avisan que el t\u00e9rmino puede hacer referencia a muchas cosas:<\/p>\n\n\n\n<blockquote><blockquote class=\"td_quote_box td_box_center\"><p style=\"text-align: left;\">El t\u00e9rmino coche puede hacer referirse a:<br \/>Veh\u00edculos<br \/>Autom\u00f3vil, en general<br \/>Autom\u00f3vil de turismo, un tipo de autom\u00f3vil destinado al transporte de personas, con al menos cuatro ruedas y un m\u00e1ximo de nueve plazas incluido el conductor.<\/p><\/blockquote><\/blockquote>\n\n\n\n<p>La tercera desambiguaci\u00f3n ya pone una limitaci\u00f3n un poco m\u00e1s seria: al menos <strong>cuatro ruedas,<\/strong> lo cual deja fuera la moto. Tomen nota, se\u00f1ores de la RAE, que luego dicen que la Wikipedia les est\u00e1 comiendo terreno. Normal.<\/p>\n\n\n\n<p>Y es entonces cuando viene el gordopilo de turno y te dice : \u00ab<em>Se\u00f1o, se\u00f1o, entonces \u00bfestos son tambi\u00e9n coches?<\/em>\u00ab<\/p>\n\n\n\n<figure class=\"wp-block-image aligncenter size-large is-resized\"><img loading=\"lazy\" decoding=\"async\" src=\"https:\/\/upload.wikimedia.org\/wikipedia\/commons\/6\/6d\/Supermoto_quad.jpg\" alt=\"\" width=\"750\" height=\"563\"\/><\/figure>\n\n\n\n<figure class=\"wp-block-image size-large\"><img data-recalc-dims=\"1\" loading=\"lazy\" decoding=\"async\" width=\"1024\" height=\"570\" sizes=\"auto, (max-width: 645px) 100vw, 645px\" src=\"https:\/\/i0.wp.com\/www.erekibeon.com\/blog\/wp-content\/uploads\/KURATASONSTREETANEMULCOM_zps7b66b9e0.jpg?resize=1024%2C570&#038;ssl=1\" alt=\"\" class=\"wp-image-21332\" srcset=\"https:\/\/i0.wp.com\/www.erekibeon.com\/blog\/wp-content\/uploads\/KURATASONSTREETANEMULCOM_zps7b66b9e0.jpg?resize=1024%2C570&amp;ssl=1 1024w, https:\/\/i0.wp.com\/www.erekibeon.com\/blog\/wp-content\/uploads\/KURATASONSTREETANEMULCOM_zps7b66b9e0.jpg?resize=300%2C167&amp;ssl=1 300w, https:\/\/i0.wp.com\/www.erekibeon.com\/blog\/wp-content\/uploads\/KURATASONSTREETANEMULCOM_zps7b66b9e0.jpg?resize=150%2C83&amp;ssl=1 150w, https:\/\/i0.wp.com\/www.erekibeon.com\/blog\/wp-content\/uploads\/KURATASONSTREETANEMULCOM_zps7b66b9e0.jpg?resize=768%2C427&amp;ssl=1 768w, https:\/\/i0.wp.com\/www.erekibeon.com\/blog\/wp-content\/uploads\/KURATASONSTREETANEMULCOM_zps7b66b9e0.jpg?resize=696%2C387&amp;ssl=1 696w, https:\/\/i0.wp.com\/www.erekibeon.com\/blog\/wp-content\/uploads\/KURATASONSTREETANEMULCOM_zps7b66b9e0.jpg?resize=1068%2C594&amp;ssl=1 1068w, https:\/\/i0.wp.com\/www.erekibeon.com\/blog\/wp-content\/uploads\/KURATASONSTREETANEMULCOM_zps7b66b9e0.jpg?resize=755%2C420&amp;ssl=1 755w, https:\/\/i0.wp.com\/www.erekibeon.com\/blog\/wp-content\/uploads\/KURATASONSTREETANEMULCOM_zps7b66b9e0.jpg?w=1080&amp;ssl=1 1080w\" \/><\/figure>\n\n\n\n<p class=\"has-text-align-center\"><em>Un <a href=\"https:\/\/en.wikipedia.org\/wiki\/Kuratas\" target=\"_blank\" rel=\"noopener noreferrer\">Kuratas<\/a> por la ciudad (Foto de <a href=\"https:\/\/anemul.com\/so-you-wanna-be-a-robot-we-got-you\/\" target=\"_blank\" rel=\"noopener noreferrer\">Anemul.com<\/a> )<\/em><\/p>\n\n\n\n<p>Cachislamar&#8230; Pues yo dir\u00eda que el primero deber\u00eda entrar en la categor\u00eda de moto y el segundo&#8230; ni idea, mira. \u00bfExiste siquiera un carnet para conducir mechs?<\/p>\n\n\n\n<p>\u00a1Un momento! \u00a1Claro! \u00bfqui\u00e9n mejor para catalogar las cosas que circulan por ah\u00ed que el organismo que da los carnets de conducir? \u00a1Hale, a ver las definiciones de la <strong>Direcci\u00f3n General de Tr\u00e1fico<\/strong>!<\/p>\n\n\n\n<p>Y&#8230; resulta que en el <a href=\"https:\/\/www.dgt.es\/es\/seguridad-vial\/normativa-y-legislacion\/reglamento-trafico\/vehiculos\/normas-basicas\/\" target=\"_blank\" rel=\"noopener noreferrer\">Reglamento General de Veh\u00edculos<\/a> (Anexo II \u00abDefiniciones y categor\u00edas\u00bb, en la p\u00e1gina 31 del documento) no se define \u00abcoche\u00bb, sino \u00abautom\u00f3vil\u00bb:<\/p>\n\n\n\n<blockquote><blockquote class=\"td_quote_box td_box_center\"><p style=\"text-align: left;\">Autom\u00f3vil: Veh\u00edculo de motor que sirve, normalmente, para el transporte de personas o cosas, o de ambas a la vez, o para la tracci\u00f3n de otros veh\u00edculos con aquel fin. Se excluyen de esta definici\u00f3n los veh\u00edculos especiales.<\/p><\/blockquote><\/blockquote>\n\n\n\n<p>Esta es la base desde la que se define todo. Todo lo que hemos visto es un autom\u00f3vil a nivel general, incluyendo las motos, y luego ya vamos yendo a categor\u00edas espec\u00edficas. Los veh\u00edculos que vamos buscando entran m\u00e1s bien en esta categor\u00eda:<\/p>\n\n\n\n<blockquote><blockquote class=\"td_quote_box td_box_center\"><p style=\"text-align: left;\">Turismo: un tipo de autom\u00f3vil destinado al transporte de personas, con al menos cuatro ruedas y un m\u00e1ximo de nueve plazas incluido el conductor.<\/p><\/blockquote><\/blockquote>\n\n\n\n<p>\u00bfOs suena? Tiene toda la pinta de que la Wikipedia ha copiado la definici\u00f3n de aqu\u00ed. Tampoco voy a desglosar todas las definiciones, pero bueno, el Reglamento ya nos clasifica algunos de los veh\u00edculos que hemos citado. Por ejemplo, los todoterreno tienen su propia categor\u00eda y los quads son considerados Cuatriciclos. Aunque, no os lo perd\u00e1is, <em>\u00ablos cuatriciclos tienen la consideraci\u00f3n de veh\u00edculo de tres ruedas<\/em>\u00bb (\u00bf?).<\/p>\n\n\n\n<p>Sin embargo, tanto el Coche Monstruo como el Kuratas probablemente entrar\u00edan en Veh\u00edculos Especiales, un caj\u00f3n de sastre a donde va todo lo que no se ajuste a las dem\u00e1s categor\u00edas.<\/p>\n\n\n\n<p>Es decir, que hasta el Reglamento renuncia a clasificar seg\u00fan qu\u00e9 cosas.<\/p>\n\n\n\n<p>Snif.<\/p>\n\n\n\n<p>Bueno, no pasa nada. Si no hay una definici\u00f3n \u00aboficial\u00bb que nos satisfaga, pues nos ponemos nosotros mismos manos a la obra. Empezamos por incluir los elementos comunes que presentan todos los coches. \u00bfQu\u00e9 tal algo as\u00ed?<\/p>\n\n\n\n<blockquote><blockquote class=\"td_quote_box td_box_center\"><p style=\"text-align: left;\">\u00ab<strong>Coche<\/strong>: Autom\u00f3vil destinado al transporte de personas, con al menos cuatro ruedas, puertas y un m\u00e1ximo de nueve plazas incluido el conductor\u00bb<\/p><\/blockquote><\/blockquote>\n\n\n\n<p>Ch\u00fapate esta, wikipedia, RAE y DGT. \u00a1Esto s\u00ed que es una definici\u00f3n universal de coche!<\/p>\n\n\n\n<p>Y entonces llegar\u00e1 el gordopilo de turno y me ense\u00f1ar\u00e1 esto:<\/p>\n\n\n\n<figure class=\"wp-block-image aligncenter size-large\"><img decoding=\"async\" src=\"https:\/\/upload.wikimedia.org\/wikipedia\/commons\/5\/5f\/Bonhams_-_The_Paris_Sale_2012_-_Iso_Isetta_-_1953_-_013.jpg\" alt=\"\"\/><\/figure>\n\n\n\n<p class=\"has-text-align-center\"><em>(Foto de <a href=\"https:\/\/commons.wikimedia.org\/wiki\/User:Thesupermat\" target=\"_blank\" rel=\"noopener noreferrer\">Thesupermat<\/a>)<\/em><\/p>\n\n\n\n<figure class=\"wp-block-image aligncenter size-large is-resized\"><img loading=\"lazy\" decoding=\"async\" src=\"https:\/\/upload.wikimedia.org\/wikipedia\/commons\/thumb\/5\/5a\/VW_GX3.jpeg\/560px-VW_GX3.jpeg\" alt=\"\" width=\"800\" height=\"544\"\/><\/figure>\n\n\n\n<p class=\"has-text-align-center\"><em>(Foto de <a href=\"https:\/\/commons.wikimedia.org\/wiki\/User:Thomas_doerfer\" target=\"_blank\" rel=\"noopener noreferrer\">Thomas Doerfer<\/a>)<\/em><\/p>\n\n\n\n<p>Vale, el reglamento dice que son \u00abveh\u00edculos de tres ruedas\u00bb y se queda tan ancho, pero es que ah\u00ed tambi\u00e9n entran los motocarros&#8230; y no s\u00e9 a vosotros, pero a m\u00ed me parecen m\u00e1s <strong>coches de tres ruedas<\/strong>.<\/p>\n\n\n\n<p>Es m\u00e1s, si el gordopilo fuera aut\u00e9ntico, como Crom manda, lo suyo ser\u00eda que me saque esta otra foto para terminar de hundirme en la miseria:<\/p>\n\n\n\n<figure class=\"wp-block-image aligncenter size-large\"><img decoding=\"async\" src=\"https:\/\/upload.wikimedia.org\/wikipedia\/commons\/thumb\/9\/94\/First_Car_Replica_IAA_2007_1_crop.jpg\/1024px-First_Car_Replica_IAA_2007_1_crop.jpg\" alt=\"\"\/><\/figure>\n\n\n\n<p class=\"has-text-align-center\"><em>(Foto de <a href=\"https:\/\/en.wikipedia.org\/wiki\/Benz_Patent-Motorwagen#mediaviewer\/File:First_Car_Replica_IAA_2007_1_crop.jpg\" target=\"_blank\" rel=\"noopener noreferrer\">Marcin Cie\u015blak<\/a>)<\/em><\/p>\n\n\n\n<p>Se trata del <a href=\"https:\/\/es.wikipedia.org\/wiki\/Benz_Patent-Motorwagen\" target=\"_blank\" rel=\"noopener noreferrer\">Benz Patent Motorwagen<\/a>, considerado el PRIMER autom\u00f3vil de la historia. \u00bfC\u00f3mo dejar fuera de la definici\u00f3n de coche precisamente al primer coche? Y, como se ve, ten\u00eda tres ruedas, ninguna puerta&#8230; y ni siquiera ten\u00eda volante o manillar.<\/p>\n\n\n\n<p>\u00ab<em>Bueno<\/em>\u00ab, dir\u00e9is, \u00ab<em>pues basta con cambiar el n\u00famero de ruedas en la definici\u00f3n, poner &lt;&lt;tres ruedas&gt;&gt; y sigue valiendo, \u00bfno?<\/em>\u00ab<\/p>\n\n\n\n<p>Pues no. Porque&#8230; agarraos: hay coches de dos ruedas.<\/p>\n\n\n\n<figure class=\"wp-block-image aligncenter size-large\"><img data-recalc-dims=\"1\" loading=\"lazy\" decoding=\"async\" width=\"630\" height=\"408\" src=\"https:\/\/i0.wp.com\/www.erekibeon.com\/blog\/wp-content\/uploads\/7473185402_5b5d41ab57_z.jpg?resize=630%2C408&#038;ssl=1\" alt=\"\" class=\"wp-image-21333\" srcset=\"https:\/\/i0.wp.com\/www.erekibeon.com\/blog\/wp-content\/uploads\/7473185402_5b5d41ab57_z.jpg?w=630&amp;ssl=1 630w, https:\/\/i0.wp.com\/www.erekibeon.com\/blog\/wp-content\/uploads\/7473185402_5b5d41ab57_z.jpg?resize=300%2C194&amp;ssl=1 300w, https:\/\/i0.wp.com\/www.erekibeon.com\/blog\/wp-content\/uploads\/7473185402_5b5d41ab57_z.jpg?resize=150%2C97&amp;ssl=1 150w\" sizes=\"auto, (max-width: 630px) 100vw, 630px\" \/><\/figure>\n\n\n\n<p class=\"has-text-align-center\"><em><a href=\"https:\/\/web.archive.org\/web\/20180410081654\/https:\/\/litmotors.com:80\/c1\" target=\"_blank\" rel=\"noopener noreferrer\">Litmotors C-1<\/a> (Foto procedente de <a href=\"https:\/\/mechanicalgalaxy.blogspot.com.es\/2012\/06\/two-wheeled-self-balancing-car.html\" target=\"_blank\" rel=\"noopener noreferrer\">mechanicalgalaxy.blogspot.com<\/a>)<\/em><\/p>\n\n\n\n<p>Y \u00bfen serio quer\u00e9is que nos pongamos a examinar el volante, las puertas y todos los detallitos que lo diferencian de una moto cubierta?<\/p>\n\n\n\n<p>Vamos, que a estas alturas la \u00fanica seguridad que tengo es que un coche es un veh\u00edculo terrestre.<\/p>\n\n\n\n<figure class=\"wp-block-image aligncenter size-large\"><img data-recalc-dims=\"1\" decoding=\"async\" src=\"https:\/\/i0.wp.com\/i.kinja-img.com\/gawker-media\/image\/upload\/s--pdlGsT1x--\/c_fit%2Cfl_progressive%2Cq_80%2Cw_636\/18pl3cp3285xhjpg.jpg?ssl=1\" alt=\"\"\/><figcaption class=\"wp-element-caption\">(Taylor Aerocar)<\/figcaption><\/figure>\n\n\n\n<figure class=\"wp-block-image aligncenter size-large\"><img data-recalc-dims=\"1\" decoding=\"async\" src=\"https:\/\/i0.wp.com\/zabort.ru\/uploads\/images\/00\/60\/57\/2016\/07\/30\/664481ea97.jpg?ssl=1\" alt=\"\"\/><figcaption class=\"wp-element-caption\">(Gibbs Aquada)<\/figcaption><\/figure>\n\n\n\n<p>Sigh&#8230; bueno, que son veh\u00edculos. Y que la gente va sentada.<\/p>\n\n\n\n<p>En fin. Despu\u00e9s de tantos redise\u00f1os, mejoras o adaptaciones a multitud de usos y entornos, el t\u00e9rmino puede englobar una barbaridad de cosas diferentes. Es m\u00e1s, incluso me atrever\u00eda a decir que tendr\u00edamos m\u00e1s suerte con una definici\u00f3n compuesta no de absolutos, sino de elementos opcionales que a veces se cumplan y a veces no. Lo cual se pega de patadas con el concepto de \u00abdefinici\u00f3n exacta\u00bb.<\/p>\n\n\n\n<p>Y os preguntar\u00e9is \u00bfa qu\u00e9 viene semejante perorata? Pues a que creo que<strong> pasa exactamente lo mismo con los juegos de rol<\/strong>. Peri\u00f3dicamente resurge en la rolesfera el debate sobre la definici\u00f3n exacta del rol y de la taxonom\u00eda milim\u00e9trica de sus variedades. Pero hoy d\u00eda hay tantas variaciones, evoluciones y experimentos que, bajo mi punto de vista, cualquier intento de categorizaci\u00f3n absoluta se tropieza con varios ejemplos que la desaf\u00edan. Lo mismo que hemos visto que sucede con algo m\u00e1s tangible y menos et\u00e9reo, como son los coches.<\/p>\n\n\n\n<p>Y, francamente, tampoco veo tan necesario que haya definiciones exactas, ni siquiera a nivel pr\u00e1ctico. A d\u00eda de hoy me sobra y me basta con las que figuran al principio de todos los juegos de rol, tanto para entenderme con otros aficionados como para explic\u00e1rselo a un ne\u00f3fito. Adem\u00e1s, \u00bfes realmente necesario delimitar estrictamente los l\u00edmites de, por ejemplo, lo narrativo y lo <em>old school<\/em>? Bueno, tal vez para cuando haya que ir al Ministerio del Rol a renovar la licencia y pagar los impuestos correspondientes a cada categor\u00eda \ud83d\ude1b Pero vamos, yo no voy a entrar en berserker catalogador si un d\u00eda me dicen que un juego \u00ab<em>tiene mec\u00e1nicas narrativas para emular sensaciones retrocl\u00f3nicas<\/em>\u00ab. Como tampoco voy a perder neuronas categorizando esto:<\/p>\n\n\n\n<figure class=\"wp-block-image aligncenter size-full\"><img data-recalc-dims=\"1\" loading=\"lazy\" decoding=\"async\" width=\"500\" height=\"358\" sizes=\"auto, (max-width: 500px) 100vw, 500px\" src=\"https:\/\/i0.wp.com\/www.erekibeon.com\/blog\/wp-content\/uploads\/Mashinymonstry-Dynasphere-transpor_zpsc778300b.jpg?resize=500%2C358&#038;ssl=1\" alt=\"\" class=\"wp-image-23313\" srcset=\"https:\/\/i0.wp.com\/www.erekibeon.com\/blog\/wp-content\/uploads\/Mashinymonstry-Dynasphere-transpor_zpsc778300b.jpg?w=500&amp;ssl=1 500w, https:\/\/i0.wp.com\/www.erekibeon.com\/blog\/wp-content\/uploads\/Mashinymonstry-Dynasphere-transpor_zpsc778300b.jpg?resize=300%2C215&amp;ssl=1 300w, https:\/\/i0.wp.com\/www.erekibeon.com\/blog\/wp-content\/uploads\/Mashinymonstry-Dynasphere-transpor_zpsc778300b.jpg?resize=150%2C107&amp;ssl=1 150w\" \/><\/figure>\n\n\n\n<p class=\"has-text-align-center\"><em>Una <a href=\"https:\/\/en.wikipedia.org\/wiki\/Dynasphere\" target=\"_blank\" rel=\"noopener noreferrer\">Dynasfera<\/a> (y <a href=\"https:\/\/www.youtube.com\/watch?v=ktD-SN3C4h4\" target=\"_blank\" rel=\"noopener noreferrer\">en este v\u00eddeo de youtube<\/a> se puede ver en movimiento)<\/em><\/p>\n\n\n\n<p>Eso s\u00ed, si alg\u00fan d\u00eda viene un constructor de F\u00f3rmula 1 y dice que <a href=\"https:\/\/web.archive.org\/web\/20160114035806\/https:\/\/johnwickpresents.com\/games\/game-designs\/chess-is-not-an-rpg-the-illusion-of-game-balance\/\" target=\"_blank\" rel=\"noopener noreferrer\">el primer coche no es un coche porque no estaba dise\u00f1ado para ganar carreras<\/a>, se volver\u00e1n a escuchar\u00e1n mis carcajadas desde la Estaci\u00f3n Espacial Internacional.<\/p>\n\n\n\n<p><a href=\"https:\/\/plus.google.com\/u\/0\/104529261509875259149\/posts\/4FzR15yNGD1\" target=\"_blank\" rel=\"noopener noreferrer\"><strong>M\u00e1s comentarios en Google Plus<\/strong><\/a><\/p>\n\n\n\n<p><\/p>\n","protected":false},"excerpt":{"rendered":"<p>Si un d\u00eda me abordara por la calle el t\u00edpico encuestador y me hiciera esta pregunta, no s\u00e9 a vosotros, pero a m\u00ed lo primero que me vendr\u00eda a la cabeza ser\u00eda algo tal que as\u00ed: (Foto: Thomas Doerfer) Si encima el encuestador me pidiera una definici\u00f3n a vuelapluma, probablemente le dir\u00eda que un coche [&hellip;]<\/p>\n","protected":false},"author":2,"featured_media":13518,"comment_status":"open","ping_status":"open","sticky":false,"template":"","format":"standard","meta":{"_jetpack_memberships_contains_paid_content":false,"footnotes":"","jetpack_publicize_message":"","jetpack_publicize_feature_enabled":true,"jetpack_social_post_already_shared":true,"jetpack_social_options":{"image_generator_settings":{"template":"highway","default_image_id":0,"font":"","enabled":false},"version":2}},"categories":[15],"tags":[510,57,63,530],"class_list":["post-11722","post","type-post","status-publish","format-standard","has-post-thumbnail","hentry","category-rol","tag-coches","tag-frikismo-2","tag-internet","tag-rol"],"jetpack_publicize_connections":[],"jetpack_featured_media_url":"https:\/\/i0.wp.com\/www.erekibeon.com\/blog\/wp-content\/uploads\/2015\/01\/primercoche.jpg?fit=271%2C200&ssl=1","jetpack_sharing_enabled":true,"jetpack-related-posts":[{"id":1141,"url":"https:\/\/www.erekibeon.com\/blog\/censo-de-roleros-interneteros-en-el-opinometro\/","url_meta":{"origin":11722,"position":0},"title":"Censo de roleros espa\u00f1oles en el Opin\u00f3metro","author":"Erek\u00edbeon","date":"12\/05\/2010","format":false,"excerpt":"Me hago eco de la iniciativa del Opin\u00f3metro para hacer una especie de censo de los roleros que se mueven por internet. Es posiblemente el primer intento serio de medir la audiencia del rol en este medio, y las cifras resultantes ser\u00e1n interesantes no s\u00f3lo desde el punto de vista\u2026","rel":"","context":"En \u00abInternet\u00bb","block_context":{"text":"Internet","link":"https:\/\/www.erekibeon.com\/blog\/category\/cosas-de-internet\/"},"img":{"alt_text":"","src":"","width":0,"height":0},"classes":[]},{"id":1014,"url":"https:\/\/www.erekibeon.com\/blog\/lee-un-libro-de-rol-en-publico\/","url_meta":{"origin":11722,"position":1},"title":"Lee un libro de rol en p\u00fablico","author":"Erek\u00edbeon","date":"03\/03\/2010","format":false,"excerpt":"Como os comentaba en la entrada anterior, The Escapist nos anima a leer\u00a0 libros de rol en p\u00fablico a lo largo de esta semana. Bueno, en realidad nos anima a hacerlo durante tres semanas al a\u00f1o, y \u00e9sta es una de ellas, coincidiendo con la fecha de la muerte del\u2026","rel":"","context":"En \u00abrol\u00bb","block_context":{"text":"rol","link":"https:\/\/www.erekibeon.com\/blog\/category\/rol\/"},"img":{"alt_text":"","src":"https:\/\/i0.wp.com\/www.erekibeon.com\/blog\/wp-content\/uploads\/readanrpg.jpg?resize=350%2C200&ssl=1","width":350,"height":200,"srcset":"https:\/\/i0.wp.com\/www.erekibeon.com\/blog\/wp-content\/uploads\/readanrpg.jpg?resize=350%2C200&ssl=1 1x, https:\/\/i0.wp.com\/www.erekibeon.com\/blog\/wp-content\/uploads\/readanrpg.jpg?resize=525%2C300&ssl=1 1.5x, https:\/\/i0.wp.com\/www.erekibeon.com\/blog\/wp-content\/uploads\/readanrpg.jpg?resize=700%2C400&ssl=1 2x"},"classes":[]},{"id":12731,"url":"https:\/\/www.erekibeon.com\/blog\/coches-voladores\/","url_meta":{"origin":11722,"position":2},"title":"Coches Voladores","author":"Erek\u00edbeon","date":"07\/10\/2015","format":false,"excerpt":"Anoche mi Princesa me explicaba muy emocionada c\u00f3mo ser\u00eda el dibujo que har\u00eda para un concurso del cole. \u00bfEl tema? \"El futuro\". \u2014 Mi dibujo tendr\u00e1 edificios con muchas luces de muchos colores, fuah fuah, con tiendas que pondr\u00e1n en el aire anuncios de \u201cOferta\u201d y un mont\u00f3n de coches\u2026","rel":"","context":"En \u00abNi\u00f1os\u00bb","block_context":{"text":"Ni\u00f1os","link":"https:\/\/www.erekibeon.com\/blog\/category\/ninos\/"},"img":{"alt_text":"","src":"https:\/\/i0.wp.com\/www.erekibeon.com\/blog\/wp-content\/uploads\/2016\/07\/Coche-Volador.jpg?fit=550%2C365&ssl=1&resize=350%2C200","width":350,"height":200,"srcset":"https:\/\/i0.wp.com\/www.erekibeon.com\/blog\/wp-content\/uploads\/2016\/07\/Coche-Volador.jpg?fit=550%2C365&ssl=1&resize=350%2C200 1x, https:\/\/i0.wp.com\/www.erekibeon.com\/blog\/wp-content\/uploads\/2016\/07\/Coche-Volador.jpg?fit=550%2C365&ssl=1&resize=525%2C300 1.5x"},"classes":[]},{"id":25047,"url":"https:\/\/www.erekibeon.com\/blog\/un-resumen-de-zagales-en-audio\/","url_meta":{"origin":11722,"position":3},"title":"Un resumen de \u00a1Zagales!&#8230; \u00a1en audio!","author":"Erek\u00edbeon","date":"08\/06\/2025","format":false,"excerpt":"De vez en cuando me mola ir dejando constancia en el blog del estado de la tecnolog\u00eda en cada momento. Tiene su punto echar un vistazo atr\u00e1s y comprobar c\u00f3mo han envejecido seg\u00fan qu\u00e9 temas que fueron punteros en su momento, como aquella carcasa con bater\u00eda para el \u00a1Galaxy S2!\u2026","rel":"","context":"En \u00abInternet\u00bb","block_context":{"text":"Internet","link":"https:\/\/www.erekibeon.com\/blog\/category\/cosas-de-internet\/"},"img":{"alt_text":"Dos robots de juguete, uno rosa y otro azul, hablando a un micr\u00f3fono de estilo antiguo. De fondo tienen un marco donde se ve la portada de la aventura \"Zagales\" y una de sus p\u00e1ginas","src":"https:\/\/i0.wp.com\/www.erekibeon.com\/blog\/wp-content\/uploads\/AudioZagales.webp?fit=1200%2C800&ssl=1&resize=350%2C200","width":350,"height":200,"srcset":"https:\/\/i0.wp.com\/www.erekibeon.com\/blog\/wp-content\/uploads\/AudioZagales.webp?fit=1200%2C800&ssl=1&resize=350%2C200 1x, https:\/\/i0.wp.com\/www.erekibeon.com\/blog\/wp-content\/uploads\/AudioZagales.webp?fit=1200%2C800&ssl=1&resize=525%2C300 1.5x, https:\/\/i0.wp.com\/www.erekibeon.com\/blog\/wp-content\/uploads\/AudioZagales.webp?fit=1200%2C800&ssl=1&resize=700%2C400 2x, https:\/\/i0.wp.com\/www.erekibeon.com\/blog\/wp-content\/uploads\/AudioZagales.webp?fit=1200%2C800&ssl=1&resize=1050%2C600 3x"},"classes":[]},{"id":4941,"url":"https:\/\/www.erekibeon.com\/blog\/wil-wheaton-y-unos-colegas-juegan-a-dragon-age\/","url_meta":{"origin":11722,"position":4},"title":"Wil Wheaton y unos colegas juegan a Dragon Age","author":"Erek\u00edbeon","date":"20\/02\/2013","format":false,"excerpt":"Tabletop es una serie web sobre juegos de mesa que lleva desde marzo de 2012 juntando gente interesante para echar una partida delante de las c\u00e1maras. Producido por Felicia Day y Wil Wheaton, y presentado por este \u00faltimo, han conseguido crear un programa al que estar\u00eda enganchado todos los d\u00edas\u2026","rel":"","context":"En \u00abInternet\u00bb","block_context":{"text":"Internet","link":"https:\/\/www.erekibeon.com\/blog\/category\/cosas-de-internet\/"},"img":{"alt_text":"","src":"https:\/\/i0.wp.com\/www.erekibeon.com\/blog\/wp-content\/uploads\/dragonagetabletop_zpsd88a2a44.jpg?fit=552%2C349&ssl=1&resize=350%2C200","width":350,"height":200,"srcset":"https:\/\/i0.wp.com\/www.erekibeon.com\/blog\/wp-content\/uploads\/dragonagetabletop_zpsd88a2a44.jpg?fit=552%2C349&ssl=1&resize=350%2C200 1x, https:\/\/i0.wp.com\/www.erekibeon.com\/blog\/wp-content\/uploads\/dragonagetabletop_zpsd88a2a44.jpg?fit=552%2C349&ssl=1&resize=525%2C300 1.5x"},"classes":[]},{"id":14390,"url":"https:\/\/www.erekibeon.com\/blog\/adios-c5-hola-c4-picasso\/","url_meta":{"origin":11722,"position":5},"title":"Adi\u00f3s, C5. Hola, C4 Picasso","author":"Erek\u00edbeon","date":"30\/05\/2018","format":false,"excerpt":"Hace tres meses nuestro fiel Citro\u00ebn C5 decidi\u00f3 que ya era hora de que se le rompiera el embrague. 150.000 kil\u00f3metros, trece a\u00f1azos... y un mill\u00f3n de historias que hemos vivido con \u00e9l. Es el coche que ha conocido mi Princesa desde que naci\u00f3. El que transport\u00f3 a los dos\u2026","rel":"","context":"En \u00abVida cotidiana\u00bb","block_context":{"text":"Vida cotidiana","link":"https:\/\/www.erekibeon.com\/blog\/category\/vida-cotidiana\/"},"img":{"alt_text":"","src":"https:\/\/i0.wp.com\/www.erekibeon.com\/blog\/wp-content\/uploads\/2018\/03\/c5.jpg?fit=800%2C629&ssl=1&resize=350%2C200","width":350,"height":200,"srcset":"https:\/\/i0.wp.com\/www.erekibeon.com\/blog\/wp-content\/uploads\/2018\/03\/c5.jpg?fit=800%2C629&ssl=1&resize=350%2C200 1x, https:\/\/i0.wp.com\/www.erekibeon.com\/blog\/wp-content\/uploads\/2018\/03\/c5.jpg?fit=800%2C629&ssl=1&resize=525%2C300 1.5x, https:\/\/i0.wp.com\/www.erekibeon.com\/blog\/wp-content\/uploads\/2018\/03\/c5.jpg?fit=800%2C629&ssl=1&resize=700%2C400 2x"},"classes":[]}],"_links":{"self":[{"href":"https:\/\/www.erekibeon.com\/blog\/wp-json\/wp\/v2\/posts\/11722","targetHints":{"allow":["GET"]}}],"collection":[{"href":"https:\/\/www.erekibeon.com\/blog\/wp-json\/wp\/v2\/posts"}],"about":[{"href":"https:\/\/www.erekibeon.com\/blog\/wp-json\/wp\/v2\/types\/post"}],"author":[{"embeddable":true,"href":"https:\/\/www.erekibeon.com\/blog\/wp-json\/wp\/v2\/users\/2"}],"replies":[{"embeddable":true,"href":"https:\/\/www.erekibeon.com\/blog\/wp-json\/wp\/v2\/comments?post=11722"}],"version-history":[{"count":0,"href":"https:\/\/www.erekibeon.com\/blog\/wp-json\/wp\/v2\/posts\/11722\/revisions"}],"wp:featuredmedia":[{"embeddable":true,"href":"https:\/\/www.erekibeon.com\/blog\/wp-json\/wp\/v2\/media\/13518"}],"wp:attachment":[{"href":"https:\/\/www.erekibeon.com\/blog\/wp-json\/wp\/v2\/media?parent=11722"}],"wp:term":[{"taxonomy":"category","embeddable":true,"href":"https:\/\/www.erekibeon.com\/blog\/wp-json\/wp\/v2\/categories?post=11722"},{"taxonomy":"post_tag","embeddable":true,"href":"https:\/\/www.erekibeon.com\/blog\/wp-json\/wp\/v2\/tags?post=11722"}],"curies":[{"name":"wp","href":"https:\/\/api.w.org\/{rel}","templated":true}]}}